{"id":7990,"date":"2021-07-30T15:42:07","date_gmt":"2021-07-30T13:42:07","guid":{"rendered":"https:\/\/www.vielsalm-tourisme.be\/fr\/?p=7990"},"modified":"2024-03-07T13:28:32","modified_gmt":"2024-03-07T12:28:32","slug":"que-faire-en-famille-a-vielsalm","status":"publish","type":"post","link":"https:\/\/www.vielsalm-tourisme.be\/fr\/index.php\/2021\/07\/30\/que-faire-en-famille-a-vielsalm\/","title":{"rendered":"Que faire en famille \u00e0 Vielsalm ?"},"content":{"rendered":"\t\t<div data-elementor-type=\"wp-post\" data-elementor-id=\"7990\" class=\"elementor elementor-7990\">\n\t\t\t\t\t\t<section class=\"elementor-section elementor-top-section elementor-element elementor-element-2c4994d elementor-section-stretched elementor-section-boxed elementor-section-height-default elementor-section-height-default\" data-id=\"2c4994d\" data-element_type=\"section\" data-settings=\"{&quot;stretch_section&quot;:&quot;section-stretched&quot;}\">\n\t\t\t\t\t\t<div class=\"elementor-container elementor-column-gap-default\">\n\t\t\t\t\t<div class=\"elementor-column elementor-col-100 elementor-top-column elementor-element elementor-element-2bd0059\" data-id=\"2bd0059\" data-element_type=\"column\">\n\t\t\t<div class=\"elementor-widget-wrap elementor-element-populated\">\n\t\t\t\t\t\t<div class=\"elementor-element elementor-element-43f8c1a elementor-widget elementor-widget-heading\" data-id=\"43f8c1a\" data-element_type=\"widget\" data-widget_type=\"heading.default\">\n\t\t\t\t<div class=\"elementor-widget-container\">\n\t\t\t<h2 class=\"elementor-heading-title elementor-size-default\">Que faire en famille \u00e0 Vielsalm ?<\/h2>\t\t<\/div>\n\t\t\t\t<\/div>\n\t\t\t\t\t<\/div>\n\t\t<\/div>\n\t\t\t\t\t<\/div>\n\t\t<\/section>\n\t\t\t\t<section class=\"elementor-section elementor-top-section elementor-element elementor-element-7b01e24 elementor-section-stretched elementor-section-boxed elementor-section-height-default elementor-section-height-default\" data-id=\"7b01e24\" data-element_type=\"section\" data-settings=\"{&quot;stretch_section&quot;:&quot;section-stretched&quot;}\">\n\t\t\t\t\t\t<div class=\"elementor-container elementor-column-gap-default\">\n\t\t\t\t\t<div class=\"elementor-column elementor-col-100 elementor-top-column elementor-element elementor-element-d13009b\" data-id=\"d13009b\" data-element_type=\"column\">\n\t\t\t<div class=\"elementor-widget-wrap elementor-element-populated\">\n\t\t\t\t\t\t<div class=\"elementor-element elementor-element-99ff0aa elementor-widget elementor-widget-text-editor\" data-id=\"99ff0aa\" data-element_type=\"widget\" data-widget_type=\"text-editor.default\">\n\t\t\t\t<div class=\"elementor-widget-container\">\n\t\t\t\t\t\t\t<p>Vous \u00eates en s\u00e9jour en famille \u00e0 Vielsalm et vous \u00eates \u00e0 la recherche des activit\u00e9s \u00e0 ne pas manquer? Le Syndicat d&#8217;initiative de Vielsalm vous propose un petit condens\u00e9 de ce qu&#8217;il est possible de faire \u00e0 Vielsalm : balades p\u00e9destres ou \u00e0 v\u00e9lo, chasse au tr\u00e9sor et jeu de piste, sport aventure et mus\u00e9es.<\/p><p>Bienvenue \u00e0 Vielsalm et bonne d\u00e9couverte !<\/p>\t\t\t\t\t\t<\/div>\n\t\t\t\t<\/div>\n\t\t\t\t\t<\/div>\n\t\t<\/div>\n\t\t\t\t\t<\/div>\n\t\t<\/section>\n\t\t\t\t<section class=\"elementor-section elementor-top-section elementor-element elementor-element-0fc96a6 elementor-section-stretched elementor-section-boxed elementor-section-height-default elementor-section-height-default\" data-id=\"0fc96a6\" data-element_type=\"section\" data-settings=\"{&quot;stretch_section&quot;:&quot;section-stretched&quot;}\">\n\t\t\t\t\t\t<div class=\"elementor-container elementor-column-gap-default\">\n\t\t\t\t\t<div class=\"elementor-column elementor-col-100 elementor-top-column elementor-element elementor-element-a2b39ce\" data-id=\"a2b39ce\" data-element_type=\"column\">\n\t\t\t<div class=\"elementor-widget-wrap elementor-element-populated\">\n\t\t\t\t\t\t<div class=\"elementor-element elementor-element-e0040c9 elementor-widget elementor-widget-heading\" data-id=\"e0040c9\" data-element_type=\"widget\" data-widget_type=\"heading.default\">\n\t\t\t\t<div class=\"elementor-widget-container\">\n\t\t\t<h2 class=\"elementor-heading-title elementor-size-default\">La Maison du Pays de Salm<\/h2>\t\t<\/div>\n\t\t\t\t<\/div>\n\t\t\t\t\t<\/div>\n\t\t<\/div>\n\t\t\t\t\t<\/div>\n\t\t<\/section>\n\t\t\t\t<section class=\"elementor-section elementor-top-section elementor-element elementor-element-f7c4118 elementor-section-stretched elementor-section-boxed elementor-section-height-default elementor-section-height-default\" data-id=\"f7c4118\" data-element_type=\"section\" data-settings=\"{&quot;stretch_section&quot;:&quot;section-stretched&quot;}\">\n\t\t\t\t\t\t<div class=\"elementor-container elementor-column-gap-default\">\n\t\t\t\t\t<div class=\"elementor-column elementor-col-50 elementor-top-column elementor-element elementor-element-37bacbb\" data-id=\"37bacbb\" data-element_type=\"column\">\n\t\t\t<div class=\"elementor-widget-wrap elementor-element-populated\">\n\t\t\t\t\t\t<div class=\"elementor-element elementor-element-ea11257 elementor-widget elementor-widget-image\" data-id=\"ea11257\" data-element_type=\"widget\" data-widget_type=\"image.default\">\n\t\t\t\t<div class=\"elementor-widget-container\">\n\t\t\t\t\t\t\t\t\t\t\t\t\t\t<a href=\"https:\/\/www.maisondupaysdesalm.be\/fr\/\">\n\t\t\t\t\t\t\t<img fetchpriority=\"high\" decoding=\"async\" width=\"360\" height=\"240\" src=\"https:\/\/www.vielsalm-tourisme.be\/fr\/wp-content\/uploads\/2020\/10\/Vielsalm-Trekking-et-Voyage-84-360x240.jpg\" class=\"attachment-hestia-blog size-hestia-blog wp-image-7509\" alt=\"\" srcset=\"https:\/\/www.vielsalm-tourisme.be\/fr\/wp-content\/uploads\/2020\/10\/Vielsalm-Trekking-et-Voyage-84-360x240.jpg 360w, https:\/\/www.vielsalm-tourisme.be\/fr\/wp-content\/uploads\/2020\/10\/Vielsalm-Trekking-et-Voyage-84-300x200.jpg 300w, https:\/\/www.vielsalm-tourisme.be\/fr\/wp-content\/uploads\/2020\/10\/Vielsalm-Trekking-et-Voyage-84-768x512.jpg 768w, https:\/\/www.vielsalm-tourisme.be\/fr\/wp-content\/uploads\/2020\/10\/Vielsalm-Trekking-et-Voyage-84-1024x683.jpg 1024w\" sizes=\"(max-width: 360px) 100vw, 360px\" \/>\t\t\t\t\t\t\t\t<\/a>\n\t\t\t\t\t\t\t\t\t\t\t\t\t<\/div>\n\t\t\t\t<\/div>\n\t\t\t\t\t<\/div>\n\t\t<\/div>\n\t\t\t\t<div class=\"elementor-column elementor-col-50 elementor-top-column elementor-element elementor-element-cb1d1b6\" data-id=\"cb1d1b6\" data-element_type=\"column\">\n\t\t\t<div class=\"elementor-widget-wrap elementor-element-populated\">\n\t\t\t\t\t\t<div class=\"elementor-element elementor-element-1e05190 elementor-widget elementor-widget-text-editor\" data-id=\"1e05190\" data-element_type=\"widget\" data-widget_type=\"text-editor.default\">\n\t\t\t\t<div class=\"elementor-widget-container\">\n\t\t\t\t\t\t\t<p style=\"text-align: justify;\">Le parcours d\u00e9couverte de la Maison du Pays de Salm vous emm\u00e8ne \u00e0 la d\u00e9couverte de Vielsalm, son histoire, sa g\u00e9ologie, et son c\u00e9l\u00e8bre folklore. Le coticule et les Macralles n&#8217;auront plus de secret pour vous. <a href=\"https:\/\/www.vielsalm-tourisme.be\/fr\/\"><span style=\"text-decoration: underline;\"><\/span><\/a><\/p><p style=\"text-align: justify;\">Les enfants peuvent suivre de leur c\u00f4t\u00e9 un parcours ponctu\u00e9 des commentaires p\u00e9dagogiques. Ils joueront \u00e0 se faire peur en visionnant un show son et lumi\u00e8re ensorcel\u00e9.<\/p><p><a href=\"https:\/\/www.maisondupaysdesalm.be\/fr\/\">Pour en savoir plus :\u00a0https:\/\/www.maisondupaysdesalm.be\/fr\/<\/a><\/p>\t\t\t\t\t\t<\/div>\n\t\t\t\t<\/div>\n\t\t\t\t\t<\/div>\n\t\t<\/div>\n\t\t\t\t\t<\/div>\n\t\t<\/section>\n\t\t\t\t<section class=\"elementor-section elementor-top-section elementor-element elementor-element-2a53ab9 elementor-section-boxed elementor-section-height-default elementor-section-height-default\" data-id=\"2a53ab9\" data-element_type=\"section\">\n\t\t\t\t\t\t<div class=\"elementor-container elementor-column-gap-default\">\n\t\t\t\t\t<div class=\"elementor-column elementor-col-100 elementor-top-column elementor-element elementor-element-0c89155\" data-id=\"0c89155\" data-element_type=\"column\">\n\t\t\t<div class=\"elementor-widget-wrap elementor-element-populated\">\n\t\t\t\t\t\t<div class=\"elementor-element elementor-element-35334d6 elementor-widget elementor-widget-spacer\" data-id=\"35334d6\" data-element_type=\"widget\" data-widget_type=\"spacer.default\">\n\t\t\t\t<div class=\"elementor-widget-container\">\n\t\t\t\t\t<div class=\"elementor-spacer\">\n\t\t\t<div class=\"elementor-spacer-inner\"><\/div>\n\t\t<\/div>\n\t\t\t\t<\/div>\n\t\t\t\t<\/div>\n\t\t\t\t\t<\/div>\n\t\t<\/div>\n\t\t\t\t\t<\/div>\n\t\t<\/section>\n\t\t\t\t<section class=\"elementor-section elementor-top-section elementor-element elementor-element-9509929 elementor-section-stretched elementor-section-boxed elementor-section-height-default elementor-section-height-default\" data-id=\"9509929\" data-element_type=\"section\" data-settings=\"{&quot;stretch_section&quot;:&quot;section-stretched&quot;}\">\n\t\t\t\t\t\t<div class=\"elementor-container elementor-column-gap-default\">\n\t\t\t\t\t<div class=\"elementor-column elementor-col-100 elementor-top-column elementor-element elementor-element-bf32952\" data-id=\"bf32952\" data-element_type=\"column\">\n\t\t\t<div class=\"elementor-widget-wrap elementor-element-populated\">\n\t\t\t\t\t\t<div class=\"elementor-element elementor-element-6231473 elementor-widget elementor-widget-heading\" data-id=\"6231473\" data-element_type=\"widget\" data-widget_type=\"heading.default\">\n\t\t\t\t<div class=\"elementor-widget-container\">\n\t\t\t<h2 class=\"elementor-heading-title elementor-size-default\">La balade \"Les tr\u00e9sors du Pays de Salm\" 9,5 km<\/h2>\t\t<\/div>\n\t\t\t\t<\/div>\n\t\t\t\t\t<\/div>\n\t\t<\/div>\n\t\t\t\t\t<\/div>\n\t\t<\/section>\n\t\t\t\t<section class=\"elementor-section elementor-top-section elementor-element elementor-element-55efed5 elementor-section-stretched elementor-section-boxed elementor-section-height-default elementor-section-height-default\" data-id=\"55efed5\" data-element_type=\"section\" data-settings=\"{&quot;stretch_section&quot;:&quot;section-stretched&quot;}\">\n\t\t\t\t\t\t<div class=\"elementor-container elementor-column-gap-default\">\n\t\t\t\t\t<div class=\"elementor-column elementor-col-100 elementor-top-column elementor-element elementor-element-4dda950\" data-id=\"4dda950\" data-element_type=\"column\">\n\t\t\t<div class=\"elementor-widget-wrap elementor-element-populated\">\n\t\t\t\t\t\t<div class=\"elementor-element elementor-element-ea3057e elementor-widget elementor-widget-text-editor\" data-id=\"ea3057e\" data-element_type=\"widget\" data-widget_type=\"text-editor.default\">\n\t\t\t\t<div class=\"elementor-widget-container\">\n\t\t\t\t\t\t\t<p style=\"text-align: justify;\"><span>Cette balade vous emm\u00e8ne le long d\u2019un chemin sauvage et pr\u00e9serv\u00e9 au travers d\u2019une des plus belle r\u00e9serve naturelle de la r\u00e9gion. Vous d\u00e9couvrirez aussi des sites extraordinaires qui sont les t\u00e9moins arch\u00e9ologiques et historiques d\u2019un riche pass\u00e9. Vous aurez le plaisir d\u2019admirer les meules oubli\u00e9es, les galeries des ardoisiers ou encore les traces des chercheurs d\u2019or pour arriver enfin au c\u00e9l\u00e8bre Mus\u00e9e du Coticule.<\/span><\/p><p>Envie de parcourir cette promenade? <a href=\"https:\/\/www.vielsalm-tourisme.be\/fr\/index.php\/activites\/a-pied\/promenades-a-theme\/les-tresors-du-pays-de-salm\/\" data-wplink-edit=\"true\"><span style=\"text-decoration: underline;\">D\u00e9couvrez les informations pratiques ici.<\/span>\u00a0<\/a><\/p>\t\t\t\t\t\t<\/div>\n\t\t\t\t<\/div>\n\t\t\t\t\t<\/div>\n\t\t<\/div>\n\t\t\t\t\t<\/div>\n\t\t<\/section>\n\t\t\t\t<section class=\"elementor-section elementor-top-section elementor-element elementor-element-9fa71d9 elementor-section-stretched elementor-section-boxed elementor-section-height-default elementor-section-height-default\" data-id=\"9fa71d9\" data-element_type=\"section\" data-settings=\"{&quot;stretch_section&quot;:&quot;section-stretched&quot;}\">\n\t\t\t\t\t\t<div class=\"elementor-container elementor-column-gap-default\">\n\t\t\t\t\t<div class=\"elementor-column elementor-col-100 elementor-top-column elementor-element elementor-element-73c0637\" data-id=\"73c0637\" data-element_type=\"column\">\n\t\t\t<div class=\"elementor-widget-wrap elementor-element-populated\">\n\t\t\t\t\t\t<div class=\"elementor-element elementor-element-f5da6c3 elementor-widget elementor-widget-image\" data-id=\"f5da6c3\" data-element_type=\"widget\" data-widget_type=\"image.default\">\n\t\t\t\t<div class=\"elementor-widget-container\">\n\t\t\t\t\t\t\t\t\t\t\t\t\t\t<a href=\"https:\/\/www.vielsalm-tourisme.be\/fr\/index.php\/activites\/a-pied\/promenades-a-theme\/les-tresors-du-pays-de-salm\/\">\n\t\t\t\t\t\t\t<img decoding=\"async\" width=\"5152\" height=\"3864\" src=\"https:\/\/www.vielsalm-tourisme.be\/fr\/wp-content\/uploads\/2019\/05\/balade_tresors_paysdesalm.jpg\" class=\"attachment-full size-full wp-image-6184\" alt=\"\" srcset=\"https:\/\/www.vielsalm-tourisme.be\/fr\/wp-content\/uploads\/2019\/05\/balade_tresors_paysdesalm.jpg 5152w, https:\/\/www.vielsalm-tourisme.be\/fr\/wp-content\/uploads\/2019\/05\/balade_tresors_paysdesalm-300x225.jpg 300w, https:\/\/www.vielsalm-tourisme.be\/fr\/wp-content\/uploads\/2019\/05\/balade_tresors_paysdesalm-768x576.jpg 768w, https:\/\/www.vielsalm-tourisme.be\/fr\/wp-content\/uploads\/2019\/05\/balade_tresors_paysdesalm-1024x768.jpg 1024w\" sizes=\"(max-width: 5152px) 100vw, 5152px\" \/>\t\t\t\t\t\t\t\t<\/a>\n\t\t\t\t\t\t\t\t\t\t\t\t\t<\/div>\n\t\t\t\t<\/div>\n\t\t\t\t\t<\/div>\n\t\t<\/div>\n\t\t\t\t\t<\/div>\n\t\t<\/section>\n\t\t\t\t<section class=\"elementor-section elementor-top-section elementor-element elementor-element-ed36ea2 elementor-section-boxed elementor-section-height-default elementor-section-height-default\" data-id=\"ed36ea2\" data-element_type=\"section\">\n\t\t\t\t\t\t<div class=\"elementor-container elementor-column-gap-default\">\n\t\t\t\t\t<div class=\"elementor-column elementor-col-100 elementor-top-column elementor-element elementor-element-e178472\" data-id=\"e178472\" data-element_type=\"column\">\n\t\t\t<div class=\"elementor-widget-wrap elementor-element-populated\">\n\t\t\t\t\t\t<div class=\"elementor-element elementor-element-26bcf05 elementor-widget elementor-widget-spacer\" data-id=\"26bcf05\" data-element_type=\"widget\" data-widget_type=\"spacer.default\">\n\t\t\t\t<div class=\"elementor-widget-container\">\n\t\t\t\t\t<div class=\"elementor-spacer\">\n\t\t\t<div class=\"elementor-spacer-inner\"><\/div>\n\t\t<\/div>\n\t\t\t\t<\/div>\n\t\t\t\t<\/div>\n\t\t\t\t\t<\/div>\n\t\t<\/div>\n\t\t\t\t\t<\/div>\n\t\t<\/section>\n\t\t\t\t<section class=\"elementor-section elementor-top-section elementor-element elementor-element-93365dc elementor-section-stretched elementor-section-boxed elementor-section-height-default elementor-section-height-default\" data-id=\"93365dc\" data-element_type=\"section\" data-settings=\"{&quot;stretch_section&quot;:&quot;section-stretched&quot;}\">\n\t\t\t\t\t\t<div class=\"elementor-container elementor-column-gap-default\">\n\t\t\t\t\t<div class=\"elementor-column elementor-col-100 elementor-top-column elementor-element elementor-element-55a8495\" data-id=\"55a8495\" data-element_type=\"column\">\n\t\t\t<div class=\"elementor-widget-wrap elementor-element-populated\">\n\t\t\t\t\t\t<div class=\"elementor-element elementor-element-81231e8 elementor-widget elementor-widget-heading\" data-id=\"81231e8\" data-element_type=\"widget\" data-widget_type=\"heading.default\">\n\t\t\t\t<div class=\"elementor-widget-container\">\n\t\t\t<h2 class=\"elementor-heading-title elementor-size-default\">Chasses au tr\u00e9sor et jeux de piste<\/h2>\t\t<\/div>\n\t\t\t\t<\/div>\n\t\t\t\t\t<\/div>\n\t\t<\/div>\n\t\t\t\t\t<\/div>\n\t\t<\/section>\n\t\t\t\t<section class=\"elementor-section elementor-top-section elementor-element elementor-element-8775c8f elementor-section-stretched elementor-section-boxed elementor-section-height-default elementor-section-height-default\" data-id=\"8775c8f\" data-element_type=\"section\" data-settings=\"{&quot;stretch_section&quot;:&quot;section-stretched&quot;}\">\n\t\t\t\t\t\t<div class=\"elementor-container elementor-column-gap-default\">\n\t\t\t\t\t<div class=\"elementor-column elementor-col-100 elementor-top-column elementor-element elementor-element-f4a2c82\" data-id=\"f4a2c82\" data-element_type=\"column\">\n\t\t\t<div class=\"elementor-widget-wrap elementor-element-populated\">\n\t\t\t\t\t\t<div class=\"elementor-element elementor-element-5d91bc5 elementor-widget elementor-widget-heading\" data-id=\"5d91bc5\" data-element_type=\"widget\" data-widget_type=\"heading.default\">\n\t\t\t\t<div class=\"elementor-widget-container\">\n\t\t\t<h5 class=\"elementor-heading-title elementor-size-default\">Totemus<\/h5>\t\t<\/div>\n\t\t\t\t<\/div>\n\t\t\t\t\t<\/div>\n\t\t<\/div>\n\t\t\t\t\t<\/div>\n\t\t<\/section>\n\t\t\t\t<section class=\"elementor-section elementor-top-section elementor-element elementor-element-6224474 elementor-section-stretched elementor-section-boxed elementor-section-height-default elementor-section-height-default\" data-id=\"6224474\" data-element_type=\"section\" data-settings=\"{&quot;stretch_section&quot;:&quot;section-stretched&quot;}\">\n\t\t\t\t\t\t<div class=\"elementor-container elementor-column-gap-default\">\n\t\t\t\t\t<div class=\"elementor-column elementor-col-50 elementor-top-column elementor-element elementor-element-2160c80\" data-id=\"2160c80\" data-element_type=\"column\">\n\t\t\t<div class=\"elementor-widget-wrap elementor-element-populated\">\n\t\t\t\t\t\t<div class=\"elementor-element elementor-element-61ceaa4 elementor-widget elementor-widget-text-editor\" data-id=\"61ceaa4\" data-element_type=\"widget\" data-widget_type=\"text-editor.default\">\n\t\t\t\t<div class=\"elementor-widget-container\">\n\t\t\t\t\t\t\t<p style=\"text-align: justify;\">Via l&#8217;application Totemus, vous acc\u00e9dez \u00e0 une s\u00e9rie de chasses au tr\u00e9sor, toutes plus amusantes les unes que les autres. Et l&#8217;une d&#8217;elle se situe \u00e0 Vielsalm et vous emm\u00e8ne sur les traces de nos Macralles au cours d&#8217;une balade d&#8217;un peu plus de 3 km.<\/p><p style=\"text-align: justify;\"><span style=\"text-decoration: underline;\"><a href=\"https:\/\/totemus.be\/les-chasses\/autour-du-lac\/\" data-wplink-edit=\"true\">Pour d\u00e9couvrir cette chasse au tr\u00e9sor et t\u00e9l\u00e9charger l&#8217;app Totemus, c&#8217;est par ici!<\/a><\/span><\/p>\t\t\t\t\t\t<\/div>\n\t\t\t\t<\/div>\n\t\t\t\t\t<\/div>\n\t\t<\/div>\n\t\t\t\t<div class=\"elementor-column elementor-col-50 elementor-top-column elementor-element elementor-element-ba75dff\" data-id=\"ba75dff\" data-element_type=\"column\">\n\t\t\t<div class=\"elementor-widget-wrap elementor-element-populated\">\n\t\t\t\t\t\t<div class=\"elementor-element elementor-element-47855a7 elementor-widget elementor-widget-image\" data-id=\"47855a7\" data-element_type=\"widget\" data-widget_type=\"image.default\">\n\t\t\t\t<div class=\"elementor-widget-container\">\n\t\t\t\t\t\t\t\t\t\t\t\t\t\t<a href=\"https:\/\/totemus.be\/les-chasses\/autour-du-lac\/\">\n\t\t\t\t\t\t\t<img decoding=\"async\" width=\"360\" height=\"240\" src=\"https:\/\/www.vielsalm-tourisme.be\/fr\/wp-content\/uploads\/2021\/07\/totemus2-360x240.jpg\" class=\"attachment-hestia-blog size-hestia-blog wp-image-8003\" alt=\"\" \/>\t\t\t\t\t\t\t\t<\/a>\n\t\t\t\t\t\t\t\t\t\t\t\t\t<\/div>\n\t\t\t\t<\/div>\n\t\t\t\t\t<\/div>\n\t\t<\/div>\n\t\t\t\t\t<\/div>\n\t\t<\/section>\n\t\t\t\t<section class=\"elementor-section elementor-top-section elementor-element elementor-element-ecb8a24 elementor-section-stretched elementor-section-boxed elementor-section-height-default elementor-section-height-default\" data-id=\"ecb8a24\" data-element_type=\"section\" data-settings=\"{&quot;stretch_section&quot;:&quot;section-stretched&quot;}\">\n\t\t\t\t\t\t<div class=\"elementor-container elementor-column-gap-default\">\n\t\t\t\t\t<div class=\"elementor-column elementor-col-100 elementor-top-column elementor-element elementor-element-b53a069\" data-id=\"b53a069\" data-element_type=\"column\">\n\t\t\t<div class=\"elementor-widget-wrap elementor-element-populated\">\n\t\t\t\t\t\t<div class=\"elementor-element elementor-element-0eb2bea elementor-widget elementor-widget-heading\" data-id=\"0eb2bea\" data-element_type=\"widget\" data-widget_type=\"heading.default\">\n\t\t\t\t<div class=\"elementor-widget-container\">\n\t\t\t<h5 class=\"elementor-heading-title elementor-size-default\">G\u00e9ocaching<\/h5>\t\t<\/div>\n\t\t\t\t<\/div>\n\t\t\t\t\t<\/div>\n\t\t<\/div>\n\t\t\t\t\t<\/div>\n\t\t<\/section>\n\t\t\t\t<section class=\"elementor-section elementor-top-section elementor-element elementor-element-65de923 elementor-section-stretched elementor-section-boxed elementor-section-height-default elementor-section-height-default\" data-id=\"65de923\" data-element_type=\"section\" data-settings=\"{&quot;stretch_section&quot;:&quot;section-stretched&quot;}\">\n\t\t\t\t\t\t<div class=\"elementor-container elementor-column-gap-default\">\n\t\t\t\t\t<div class=\"elementor-column elementor-col-50 elementor-top-column elementor-element elementor-element-8307566\" data-id=\"8307566\" data-element_type=\"column\">\n\t\t\t<div class=\"elementor-widget-wrap elementor-element-populated\">\n\t\t\t\t\t\t<div class=\"elementor-element elementor-element-cf4d865 elementor-widget elementor-widget-text-editor\" data-id=\"cf4d865\" data-element_type=\"widget\" data-widget_type=\"text-editor.default\">\n\t\t\t\t<div class=\"elementor-widget-container\">\n\t\t\t\t\t\t\t<p style=\"text-align: justify;\">Le g\u00e9ocaching, c&#8217;est la plus grande chasse au tr\u00e9sor du monde, il est existe des milliers, rien qu&#8217;en Wallonie !\u00a0<\/p><p style=\"text-align: justify;\">Et bien sur, vous pouvez aussi en parcourir de nombreuses dans la commune de Vielsalm.\u00a0<\/p><p style=\"text-align: justify;\">Tout ce qu&#8217;il vous reste \u00e0 faire (si ce n&#8217;est d\u00e9j\u00e0 fait), c&#8217;est de t\u00e9l\u00e9charger l&#8217;app ou vous cr\u00e9er un compte via le site web :\u00a0<a href=\"https:\/\/www.geocaching.com\/play\" data-wplink-edit=\"true\">https:\/\/www.geocaching.com\/play\u00a0<\/a><\/p>\t\t\t\t\t\t<\/div>\n\t\t\t\t<\/div>\n\t\t\t\t\t<\/div>\n\t\t<\/div>\n\t\t\t\t<div class=\"elementor-column elementor-col-50 elementor-top-column elementor-element elementor-element-de97e72\" data-id=\"de97e72\" data-element_type=\"column\">\n\t\t\t<div class=\"elementor-widget-wrap elementor-element-populated\">\n\t\t\t\t\t\t<div class=\"elementor-element elementor-element-169a9e0 elementor-widget elementor-widget-image\" data-id=\"169a9e0\" data-element_type=\"widget\" data-widget_type=\"image.default\">\n\t\t\t\t<div class=\"elementor-widget-container\">\n\t\t\t\t\t\t\t\t\t\t\t\t\t\t<a href=\"https:\/\/www.geocaching.com\/play\">\n\t\t\t\t\t\t\t<img loading=\"lazy\" decoding=\"async\" width=\"360\" height=\"240\" src=\"https:\/\/www.vielsalm-tourisme.be\/fr\/wp-content\/uploads\/2020\/06\/geocaching-360x240.jpg\" class=\"attachment-hestia-blog size-hestia-blog wp-image-7274\" alt=\"\" \/>\t\t\t\t\t\t\t\t<\/a>\n\t\t\t\t\t\t\t\t\t\t\t\t\t<\/div>\n\t\t\t\t<\/div>\n\t\t\t\t\t<\/div>\n\t\t<\/div>\n\t\t\t\t\t<\/div>\n\t\t<\/section>\n\t\t\t\t<section class=\"elementor-section elementor-top-section elementor-element elementor-element-38e3ad9 elementor-section-boxed elementor-section-height-default elementor-section-height-default\" data-id=\"38e3ad9\" data-element_type=\"section\">\n\t\t\t\t\t\t<div class=\"elementor-container elementor-column-gap-default\">\n\t\t\t\t\t<div class=\"elementor-column elementor-col-100 elementor-top-column elementor-element elementor-element-2a88749\" data-id=\"2a88749\" data-element_type=\"column\">\n\t\t\t<div class=\"elementor-widget-wrap elementor-element-populated\">\n\t\t\t\t\t\t<div class=\"elementor-element elementor-element-45815ca elementor-widget elementor-widget-spacer\" data-id=\"45815ca\" data-element_type=\"widget\" data-widget_type=\"spacer.default\">\n\t\t\t\t<div class=\"elementor-widget-container\">\n\t\t\t\t\t<div class=\"elementor-spacer\">\n\t\t\t<div class=\"elementor-spacer-inner\"><\/div>\n\t\t<\/div>\n\t\t\t\t<\/div>\n\t\t\t\t<\/div>\n\t\t\t\t\t<\/div>\n\t\t<\/div>\n\t\t\t\t\t<\/div>\n\t\t<\/section>\n\t\t\t\t<section class=\"elementor-section elementor-top-section elementor-element elementor-element-74ccc4e elementor-section-stretched elementor-section-boxed elementor-section-height-default elementor-section-height-default\" data-id=\"74ccc4e\" data-element_type=\"section\" data-settings=\"{&quot;stretch_section&quot;:&quot;section-stretched&quot;}\">\n\t\t\t\t\t\t<div class=\"elementor-container elementor-column-gap-default\">\n\t\t\t\t\t<div class=\"elementor-column elementor-col-100 elementor-top-column elementor-element elementor-element-1684c4b\" data-id=\"1684c4b\" data-element_type=\"column\">\n\t\t\t<div class=\"elementor-widget-wrap elementor-element-populated\">\n\t\t\t\t\t\t<div class=\"elementor-element elementor-element-105f6ae elementor-widget elementor-widget-heading\" data-id=\"105f6ae\" data-element_type=\"widget\" data-widget_type=\"heading.default\">\n\t\t\t\t<div class=\"elementor-widget-container\">\n\t\t\t<h2 class=\"elementor-heading-title elementor-size-default\">Sport aventure avec Avenature<\/h2>\t\t<\/div>\n\t\t\t\t<\/div>\n\t\t\t\t\t<\/div>\n\t\t<\/div>\n\t\t\t\t\t<\/div>\n\t\t<\/section>\n\t\t\t\t<section class=\"elementor-section elementor-top-section elementor-element elementor-element-c57830c elementor-section-stretched elementor-section-boxed elementor-section-height-default elementor-section-height-default\" data-id=\"c57830c\" data-element_type=\"section\" data-settings=\"{&quot;stretch_section&quot;:&quot;section-stretched&quot;}\">\n\t\t\t\t\t\t<div class=\"elementor-container elementor-column-gap-default\">\n\t\t\t\t\t<div class=\"elementor-column elementor-col-50 elementor-top-column elementor-element elementor-element-37d3fbb\" data-id=\"37d3fbb\" data-element_type=\"column\">\n\t\t\t<div class=\"elementor-widget-wrap elementor-element-populated\">\n\t\t\t\t\t\t<div class=\"elementor-element elementor-element-26dd93a elementor-widget elementor-widget-image\" data-id=\"26dd93a\" data-element_type=\"widget\" data-widget_type=\"image.default\">\n\t\t\t\t<div class=\"elementor-widget-container\">\n\t\t\t\t\t\t\t\t\t\t\t\t\t\t<a href=\"https:\/\/www.vielsalm-tourisme.be\/fr\/index.php\/activites\/sports-daventure\/avenature-2\/\">\n\t\t\t\t\t\t\t<img loading=\"lazy\" decoding=\"async\" width=\"360\" height=\"240\" src=\"https:\/\/www.vielsalm-tourisme.be\/fr\/wp-content\/uploads\/2019\/03\/avenature-360x240.jpg\" class=\"attachment-hestia-blog size-hestia-blog wp-image-3548\" alt=\"\" srcset=\"https:\/\/www.vielsalm-tourisme.be\/fr\/wp-content\/uploads\/2019\/03\/avenature-360x240.jpg 360w, https:\/\/www.vielsalm-tourisme.be\/fr\/wp-content\/uploads\/2019\/03\/avenature-300x199.jpg 300w, https:\/\/www.vielsalm-tourisme.be\/fr\/wp-content\/uploads\/2019\/03\/avenature-768x510.jpg 768w, https:\/\/www.vielsalm-tourisme.be\/fr\/wp-content\/uploads\/2019\/03\/avenature-1024x680.jpg 1024w\" sizes=\"(max-width: 360px) 100vw, 360px\" \/>\t\t\t\t\t\t\t\t<\/a>\n\t\t\t\t\t\t\t\t\t\t\t\t\t<\/div>\n\t\t\t\t<\/div>\n\t\t\t\t\t<\/div>\n\t\t<\/div>\n\t\t\t\t<div class=\"elementor-column elementor-col-50 elementor-top-column elementor-element elementor-element-5e16309\" data-id=\"5e16309\" data-element_type=\"column\">\n\t\t\t<div class=\"elementor-widget-wrap elementor-element-populated\">\n\t\t\t\t\t\t<div class=\"elementor-element elementor-element-836af9f elementor-widget elementor-widget-text-editor\" data-id=\"836af9f\" data-element_type=\"widget\" data-widget_type=\"text-editor.default\">\n\t\t\t\t<div class=\"elementor-widget-container\">\n\t\t\t\t\t\t\t<p style=\"text-align: justify;\">Vous l&#8217;aurez peut-\u00eatre devin\u00e9, Avenature combine aventure et nature. Et niveau aventure, vous ne serez pas d\u00e9\u00e7us \ud83d\ude09\u00a0<\/p><p style=\"text-align: justify;\">Accrobranche (\u00e0 Farni\u00e8res), Discgolf, Gauswheel, chasse au tr\u00e9sor, promenade des sens, jeux g\u00e9ants, escalade monkey, empilement de casiers, descente en rappel, tir \u00e0 l\u2019arc, tir \u00e0 la carabine, kayak, VTT, Western games, jeux d\u2019\u00e9quipe, balade GPS, exp\u00e9dition Robin des Bois. CSI: The game, jeu \u201cLe Secret des Moines\u201d, Highland games, Fun games, escape room. Location d\u2019activit\u00e9 telle que Sumo gonflable et taureau m\u00e9canique.<\/p><p style=\"text-align: justify;\">Consultez le site<span>\u00a0<\/span><a href=\"http:\/\/www.avenature.be\/\" target=\"_blank\" rel=\"noopener\">www.avenature.be<span>\u00a0<\/span><\/a>pour plus de d\u00e9tails sur les activit\u00e9s propos\u00e9es ou contactez Yves Vuegen pour un programme selon vos envies.<\/p>\t\t\t\t\t\t<\/div>\n\t\t\t\t<\/div>\n\t\t\t\t\t<\/div>\n\t\t<\/div>\n\t\t\t\t\t<\/div>\n\t\t<\/section>\n\t\t\t\t<section class=\"elementor-section elementor-top-section elementor-element elementor-element-3e47d9a elementor-section-boxed elementor-section-height-default elementor-section-height-default\" data-id=\"3e47d9a\" data-element_type=\"section\">\n\t\t\t\t\t\t<div class=\"elementor-container elementor-column-gap-default\">\n\t\t\t\t\t<div class=\"elementor-column elementor-col-100 elementor-top-column elementor-element elementor-element-683075d\" data-id=\"683075d\" data-element_type=\"column\">\n\t\t\t<div class=\"elementor-widget-wrap elementor-element-populated\">\n\t\t\t\t\t\t<div class=\"elementor-element elementor-element-9c762f9 elementor-widget elementor-widget-spacer\" data-id=\"9c762f9\" data-element_type=\"widget\" data-widget_type=\"spacer.default\">\n\t\t\t\t<div class=\"elementor-widget-container\">\n\t\t\t\t\t<div class=\"elementor-spacer\">\n\t\t\t<div class=\"elementor-spacer-inner\"><\/div>\n\t\t<\/div>\n\t\t\t\t<\/div>\n\t\t\t\t<\/div>\n\t\t\t\t\t<\/div>\n\t\t<\/div>\n\t\t\t\t\t<\/div>\n\t\t<\/section>\n\t\t\t\t<section class=\"elementor-section elementor-top-section elementor-element elementor-element-653ac01 elementor-section-stretched elementor-section-boxed elementor-section-height-default elementor-section-height-default\" data-id=\"653ac01\" data-element_type=\"section\" data-settings=\"{&quot;stretch_section&quot;:&quot;section-stretched&quot;}\">\n\t\t\t\t\t\t<div class=\"elementor-container elementor-column-gap-default\">\n\t\t\t\t\t<div class=\"elementor-column elementor-col-100 elementor-top-column elementor-element elementor-element-aa2a054\" data-id=\"aa2a054\" data-element_type=\"column\">\n\t\t\t<div class=\"elementor-widget-wrap elementor-element-populated\">\n\t\t\t\t\t\t<div class=\"elementor-element elementor-element-5dc6a32 elementor-widget elementor-widget-heading\" data-id=\"5dc6a32\" data-element_type=\"widget\" data-widget_type=\"heading.default\">\n\t\t\t\t<div class=\"elementor-widget-container\">\n\t\t\t<h2 class=\"elementor-heading-title elementor-size-default\">Louer des v\u00e9los et profiter du RAVeL<\/h2>\t\t<\/div>\n\t\t\t\t<\/div>\n\t\t\t\t\t<\/div>\n\t\t<\/div>\n\t\t\t\t\t<\/div>\n\t\t<\/section>\n\t\t\t\t<section class=\"elementor-section elementor-top-section elementor-element elementor-element-3ac8414 elementor-section-stretched elementor-section-boxed elementor-section-height-default elementor-section-height-default\" data-id=\"3ac8414\" data-element_type=\"section\" data-settings=\"{&quot;stretch_section&quot;:&quot;section-stretched&quot;}\">\n\t\t\t\t\t\t<div class=\"elementor-container elementor-column-gap-default\">\n\t\t\t\t\t<div class=\"elementor-column elementor-col-50 elementor-top-column elementor-element elementor-element-f3cc753\" data-id=\"f3cc753\" data-element_type=\"column\">\n\t\t\t<div class=\"elementor-widget-wrap elementor-element-populated\">\n\t\t\t\t\t\t<div class=\"elementor-element elementor-element-8211149 elementor-widget elementor-widget-text-editor\" data-id=\"8211149\" data-element_type=\"widget\" data-widget_type=\"text-editor.default\">\n\t\t\t\t<div class=\"elementor-widget-container\">\n\t\t\t\t\t\t\t<p style=\"text-align: justify;\">Au Garage L\u00e9onard (rue Fosse Roulette n\u00b024), vous pouvez facilement louer des v\u00e9los de toutes les sortes, v\u00e9los de route, VTT, \u00e9lectriques ou non, hommes, dames et enfants \u00e0 partir de 6 ans, des si\u00e8ges pour enfants sont \u00e9galement disponibles.\u00a0<\/p><p style=\"text-align: justify;\">Ensuite, vous passez au bureau du Syndicat d&#8217;initiative, situ\u00e9 100 m plus loin (Avenue de la Salm, 50) o\u00f9 vous pouvez vous procurer la carte du RAVeL gratuitement (oui, oui, vous avez bien lu). L\u00e0, vous pouvez rejoindre les villages de Petit-Thier, Recht et la Vennbahn en toute s\u00e9curit\u00e9.\u00a0<\/p><p style=\"text-align: justify;\"><a href=\"https:\/\/www.vielsalm-tourisme.be\/fr\/index.php\/activites\/a-velo\/location-vtt\/garage-leonard\/\"><span style=\"text-decoration: underline;\">Pour conna\u00eetre les tarifs et d&#8217;autres infos sur la location de v\u00e9los \u00e0 Vielsalm, cliquez ici !\u00a0<\/span><\/a><\/p>\t\t\t\t\t\t<\/div>\n\t\t\t\t<\/div>\n\t\t\t\t\t<\/div>\n\t\t<\/div>\n\t\t\t\t<div class=\"elementor-column elementor-col-50 elementor-top-column elementor-element elementor-element-6a506e3\" data-id=\"6a506e3\" data-element_type=\"column\">\n\t\t\t<div class=\"elementor-widget-wrap elementor-element-populated\">\n\t\t\t\t\t\t<div class=\"elementor-element elementor-element-a775569 elementor-widget elementor-widget-image\" data-id=\"a775569\" data-element_type=\"widget\" data-widget_type=\"image.default\">\n\t\t\t\t<div class=\"elementor-widget-container\">\n\t\t\t\t\t\t\t\t\t\t\t\t\t\t<a href=\"https:\/\/www.vielsalm-tourisme.be\/fr\/index.php\/activites\/a-velo\/location-vtt\/garage-leonard\/\">\n\t\t\t\t\t\t\t<img loading=\"lazy\" decoding=\"async\" width=\"360\" height=\"240\" src=\"https:\/\/www.vielsalm-tourisme.be\/fr\/wp-content\/uploads\/2019\/03\/ravel-360x240.jpg\" class=\"attachment-hestia-blog size-hestia-blog wp-image-2590\" alt=\"\" srcset=\"https:\/\/www.vielsalm-tourisme.be\/fr\/wp-content\/uploads\/2019\/03\/ravel-360x240.jpg 360w, https:\/\/www.vielsalm-tourisme.be\/fr\/wp-content\/uploads\/2019\/03\/ravel-300x200.jpg 300w, https:\/\/www.vielsalm-tourisme.be\/fr\/wp-content\/uploads\/2019\/03\/ravel-768x512.jpg 768w, https:\/\/www.vielsalm-tourisme.be\/fr\/wp-content\/uploads\/2019\/03\/ravel-1024x683.jpg 1024w\" sizes=\"(max-width: 360px) 100vw, 360px\" \/>\t\t\t\t\t\t\t\t<\/a>\n\t\t\t\t\t\t\t\t\t\t\t\t\t<\/div>\n\t\t\t\t<\/div>\n\t\t\t\t\t<\/div>\n\t\t<\/div>\n\t\t\t\t\t<\/div>\n\t\t<\/section>\n\t\t\t\t<section class=\"elementor-section elementor-top-section elementor-element elementor-element-777303f elementor-section-boxed elementor-section-height-default elementor-section-height-default\" data-id=\"777303f\" data-element_type=\"section\">\n\t\t\t\t\t\t<div class=\"elementor-container elementor-column-gap-default\">\n\t\t\t\t\t<div class=\"elementor-column elementor-col-100 elementor-top-column elementor-element elementor-element-7475c8b\" data-id=\"7475c8b\" data-element_type=\"column\">\n\t\t\t<div class=\"elementor-widget-wrap elementor-element-populated\">\n\t\t\t\t\t\t<div class=\"elementor-element elementor-element-d186ffa elementor-widget elementor-widget-spacer\" data-id=\"d186ffa\" data-element_type=\"widget\" data-widget_type=\"spacer.default\">\n\t\t\t\t<div class=\"elementor-widget-container\">\n\t\t\t\t\t<div class=\"elementor-spacer\">\n\t\t\t<div class=\"elementor-spacer-inner\"><\/div>\n\t\t<\/div>\n\t\t\t\t<\/div>\n\t\t\t\t<\/div>\n\t\t\t\t\t<\/div>\n\t\t<\/div>\n\t\t\t\t\t<\/div>\n\t\t<\/section>\n\t\t\t\t<section class=\"elementor-section elementor-top-section elementor-element elementor-element-f4d0721 elementor-section-stretched elementor-section-boxed elementor-section-height-default elementor-section-height-default\" data-id=\"f4d0721\" data-element_type=\"section\" data-settings=\"{&quot;stretch_section&quot;:&quot;section-stretched&quot;}\">\n\t\t\t\t\t\t<div class=\"elementor-container elementor-column-gap-default\">\n\t\t\t\t\t<div class=\"elementor-column elementor-col-100 elementor-top-column elementor-element elementor-element-76ce5bb\" data-id=\"76ce5bb\" data-element_type=\"column\">\n\t\t\t<div class=\"elementor-widget-wrap elementor-element-populated\">\n\t\t\t\t\t\t<div class=\"elementor-element elementor-element-9d07a43 elementor-widget elementor-widget-heading\" data-id=\"9d07a43\" data-element_type=\"widget\" data-widget_type=\"heading.default\">\n\t\t\t\t<div class=\"elementor-widget-container\">\n\t\t\t<h2 class=\"elementor-heading-title elementor-size-default\">Une balade ludique et familiale<\/h2>\t\t<\/div>\n\t\t\t\t<\/div>\n\t\t\t\t\t<\/div>\n\t\t<\/div>\n\t\t\t\t\t<\/div>\n\t\t<\/section>\n\t\t\t\t<section class=\"elementor-section elementor-top-section elementor-element elementor-element-595c7b2 elementor-section-stretched elementor-section-boxed elementor-section-height-default elementor-section-height-default\" data-id=\"595c7b2\" data-element_type=\"section\" data-settings=\"{&quot;stretch_section&quot;:&quot;section-stretched&quot;}\">\n\t\t\t\t\t\t<div class=\"elementor-container elementor-column-gap-default\">\n\t\t\t\t\t<div class=\"elementor-column elementor-col-100 elementor-top-column elementor-element elementor-element-270ffa2\" data-id=\"270ffa2\" data-element_type=\"column\">\n\t\t\t<div class=\"elementor-widget-wrap elementor-element-populated\">\n\t\t\t\t\t\t<div class=\"elementor-element elementor-element-243c5e6 elementor-widget elementor-widget-heading\" data-id=\"243c5e6\" data-element_type=\"widget\" data-widget_type=\"heading.default\">\n\t\t\t\t<div class=\"elementor-widget-container\">\n\t\t\t<h5 class=\"elementor-heading-title elementor-size-default\">La nature en questions - 7 km<\/h5>\t\t<\/div>\n\t\t\t\t<\/div>\n\t\t\t\t\t<\/div>\n\t\t<\/div>\n\t\t\t\t\t<\/div>\n\t\t<\/section>\n\t\t\t\t<section class=\"elementor-section elementor-top-section elementor-element elementor-element-f17c7a7 elementor-section-stretched elementor-section-boxed elementor-section-height-default elementor-section-height-default\" data-id=\"f17c7a7\" data-element_type=\"section\" data-settings=\"{&quot;stretch_section&quot;:&quot;section-stretched&quot;}\">\n\t\t\t\t\t\t<div class=\"elementor-container elementor-column-gap-default\">\n\t\t\t\t\t<div class=\"elementor-column elementor-col-50 elementor-top-column elementor-element elementor-element-0d6cc55\" data-id=\"0d6cc55\" data-element_type=\"column\">\n\t\t\t<div class=\"elementor-widget-wrap elementor-element-populated\">\n\t\t\t\t\t\t<div class=\"elementor-element elementor-element-fa6b840 elementor-widget elementor-widget-image\" data-id=\"fa6b840\" data-element_type=\"widget\" data-widget_type=\"image.default\">\n\t\t\t\t<div class=\"elementor-widget-container\">\n\t\t\t\t\t\t\t\t\t\t\t\t\t\t<a href=\"https:\/\/www.vielsalm-tourisme.be\/fr\/index.php\/activites\/a-pied\/promenades-a-theme\/la-nature-en-questions\/\">\n\t\t\t\t\t\t\t<img loading=\"lazy\" decoding=\"async\" width=\"360\" height=\"240\" src=\"https:\/\/www.vielsalm-tourisme.be\/fr\/wp-content\/uploads\/2021\/04\/Sentier-didactique-La-nature-en-questions-8-360x240.jpg\" class=\"attachment-hestia-blog size-hestia-blog wp-image-7853\" alt=\"\" \/>\t\t\t\t\t\t\t\t<\/a>\n\t\t\t\t\t\t\t\t\t\t\t\t\t<\/div>\n\t\t\t\t<\/div>\n\t\t\t\t\t<\/div>\n\t\t<\/div>\n\t\t\t\t<div class=\"elementor-column elementor-col-50 elementor-top-column elementor-element elementor-element-003265e\" data-id=\"003265e\" data-element_type=\"column\">\n\t\t\t<div class=\"elementor-widget-wrap elementor-element-populated\">\n\t\t\t\t\t\t<div class=\"elementor-element elementor-element-1a6bf9c elementor-widget elementor-widget-text-editor\" data-id=\"1a6bf9c\" data-element_type=\"widget\" data-widget_type=\"text-editor.default\">\n\t\t\t\t<div class=\"elementor-widget-container\">\n\t\t\t\t\t\t\t<p>Cette promenade ludique et familiale d\u00e9marre au Syndicat d&#8217;initiative et prend +\/- 2 h.<\/p><p>Le parcours est ponctu\u00e9 de num\u00e9ros auxquels correspondent des questions sur la nature. Ces questions (et les r\u00e9ponses) se trouvent dans une brochure en vente au bureau du Syndicat d&#8217;initiative de Vielsalm (Avenue de la Salm, 50) au prix de 3\u20ac.<\/p><p><a href=\"https:\/\/www.vielsalm-tourisme.be\/fr\/index.php\/activites\/a-pied\/promenades-a-theme\/la-nature-en-questions\/\"><span style=\"text-decoration: underline;\">+ d&#8217;infos pratiques<\/span><\/a><\/p>\t\t\t\t\t\t<\/div>\n\t\t\t\t<\/div>\n\t\t\t\t\t<\/div>\n\t\t<\/div>\n\t\t\t\t\t<\/div>\n\t\t<\/section>\n\t\t\t\t<section class=\"elementor-section elementor-top-section elementor-element elementor-element-373f0ca elementor-section-stretched elementor-section-boxed elementor-section-height-default elementor-section-height-default\" data-id=\"373f0ca\" data-element_type=\"section\" data-settings=\"{&quot;stretch_section&quot;:&quot;section-stretched&quot;}\">\n\t\t\t\t\t\t<div class=\"elementor-container elementor-column-gap-default\">\n\t\t\t\t\t<div class=\"elementor-column elementor-col-100 elementor-top-column elementor-element elementor-element-fff0628\" data-id=\"fff0628\" data-element_type=\"column\">\n\t\t\t<div class=\"elementor-widget-wrap elementor-element-populated\">\n\t\t\t\t\t\t<div class=\"elementor-element elementor-element-b4ae3cf elementor-widget elementor-widget-heading\" data-id=\"b4ae3cf\" data-element_type=\"widget\" data-widget_type=\"heading.default\">\n\t\t\t\t<div class=\"elementor-widget-container\">\n\t\t\t<h5 class=\"elementor-heading-title elementor-size-default\">La balade des Macralles - 5 km<\/h5>\t\t<\/div>\n\t\t\t\t<\/div>\n\t\t\t\t\t<\/div>\n\t\t<\/div>\n\t\t\t\t\t<\/div>\n\t\t<\/section>\n\t\t\t\t<section class=\"elementor-section elementor-top-section elementor-element elementor-element-06c90bf elementor-section-stretched elementor-section-boxed elementor-section-height-default elementor-section-height-default\" data-id=\"06c90bf\" data-element_type=\"section\" data-settings=\"{&quot;stretch_section&quot;:&quot;section-stretched&quot;}\">\n\t\t\t\t\t\t<div class=\"elementor-container elementor-column-gap-default\">\n\t\t\t\t\t<div class=\"elementor-column elementor-col-50 elementor-top-column elementor-element elementor-element-66454c7\" data-id=\"66454c7\" data-element_type=\"column\">\n\t\t\t<div class=\"elementor-widget-wrap elementor-element-populated\">\n\t\t\t\t\t\t<div class=\"elementor-element elementor-element-fa247e5 elementor-widget elementor-widget-text-editor\" data-id=\"fa247e5\" data-element_type=\"widget\" data-widget_type=\"text-editor.default\">\n\t\t\t\t<div class=\"elementor-widget-container\">\n\t\t\t\t\t\t\t<p style=\"text-align: justify;\">La balade des Macralles vous emm\u00e8ne au coeur du village de Vielsalm. Cette promenade de 5 km est sonore : Capucine, accompagn\u00e9e de son grand-p\u00e8re, part \u00e0 la d\u00e9couverte des Macralles et rencontre des personnages, hauts en couleurs. <\/p><p><a href=\"https:\/\/www.vielsalm-tourisme.be\/fr\/index.php\/activites\/a-pied\/les-circuits-sonores\/la-balade-des-macralles-sonore\/\"><span style=\"text-decoration: underline;\">T\u00e9l\u00e9chargez les MP3 ici<\/span><\/a><\/p>\t\t\t\t\t\t<\/div>\n\t\t\t\t<\/div>\n\t\t\t\t\t<\/div>\n\t\t<\/div>\n\t\t\t\t<div class=\"elementor-column elementor-col-50 elementor-top-column elementor-element elementor-element-2e841bc\" data-id=\"2e841bc\" data-element_type=\"column\">\n\t\t\t<div class=\"elementor-widget-wrap elementor-element-populated\">\n\t\t\t\t\t\t<div class=\"elementor-element elementor-element-4207beb elementor-widget elementor-widget-image\" data-id=\"4207beb\" data-element_type=\"widget\" data-widget_type=\"image.default\">\n\t\t\t\t<div class=\"elementor-widget-container\">\n\t\t\t\t\t\t\t\t\t\t\t\t\t\t<a href=\"https:\/\/www.vielsalm-tourisme.be\/fr\/index.php\/activites\/sports-daventure\/avenature-2\/\">\n\t\t\t\t\t\t\t<img loading=\"lazy\" decoding=\"async\" width=\"360\" height=\"240\" src=\"https:\/\/www.vielsalm-tourisme.be\/fr\/wp-content\/uploads\/2021\/04\/macralles_audio2-360x240.jpg\" class=\"attachment-hestia-blog size-hestia-blog wp-image-7843\" alt=\"\" \/>\t\t\t\t\t\t\t\t<\/a>\n\t\t\t\t\t\t\t\t\t\t\t\t\t<\/div>\n\t\t\t\t<\/div>\n\t\t\t\t\t<\/div>\n\t\t<\/div>\n\t\t\t\t\t<\/div>\n\t\t<\/section>\n\t\t\t\t<section class=\"elementor-section elementor-top-section elementor-element elementor-element-e9318af elementor-section-boxed elementor-section-height-default elementor-section-height-default\" data-id=\"e9318af\" data-element_type=\"section\">\n\t\t\t\t\t\t<div class=\"elementor-container elementor-column-gap-default\">\n\t\t\t\t\t<div class=\"elementor-column elementor-col-100 elementor-top-column elementor-element elementor-element-db20017\" data-id=\"db20017\" data-element_type=\"column\">\n\t\t\t<div class=\"elementor-widget-wrap elementor-element-populated\">\n\t\t\t\t\t\t<div class=\"elementor-element elementor-element-6816bcb elementor-widget elementor-widget-spacer\" data-id=\"6816bcb\" data-element_type=\"widget\" data-widget_type=\"spacer.default\">\n\t\t\t\t<div class=\"elementor-widget-container\">\n\t\t\t\t\t<div class=\"elementor-spacer\">\n\t\t\t<div class=\"elementor-spacer-inner\"><\/div>\n\t\t<\/div>\n\t\t\t\t<\/div>\n\t\t\t\t<\/div>\n\t\t\t\t\t<\/div>\n\t\t<\/div>\n\t\t\t\t\t<\/div>\n\t\t<\/section>\n\t\t\t\t<section class=\"elementor-section elementor-top-section elementor-element elementor-element-801a507 elementor-section-stretched elementor-section-boxed elementor-section-height-default elementor-section-height-default\" data-id=\"801a507\" data-element_type=\"section\" data-settings=\"{&quot;stretch_section&quot;:&quot;section-stretched&quot;}\">\n\t\t\t\t\t\t<div class=\"elementor-container elementor-column-gap-default\">\n\t\t\t\t\t<div class=\"elementor-column elementor-col-100 elementor-top-column elementor-element elementor-element-384c8b5\" data-id=\"384c8b5\" data-element_type=\"column\">\n\t\t\t<div class=\"elementor-widget-wrap elementor-element-populated\">\n\t\t\t\t\t\t<div class=\"elementor-element elementor-element-bc19340 elementor-widget elementor-widget-heading\" data-id=\"bc19340\" data-element_type=\"widget\" data-widget_type=\"heading.default\">\n\t\t\t\t<div class=\"elementor-widget-container\">\n\t\t\t<h2 class=\"elementor-heading-title elementor-size-default\">Tourisme de M\u00e9moire<\/h2>\t\t<\/div>\n\t\t\t\t<\/div>\n\t\t\t\t\t<\/div>\n\t\t<\/div>\n\t\t\t\t\t<\/div>\n\t\t<\/section>\n\t\t\t\t<section class=\"elementor-section elementor-top-section elementor-element elementor-element-ee67ece elementor-section-stretched elementor-section-boxed elementor-section-height-default elementor-section-height-default\" data-id=\"ee67ece\" data-element_type=\"section\" data-settings=\"{&quot;stretch_section&quot;:&quot;section-stretched&quot;}\">\n\t\t\t\t\t\t<div class=\"elementor-container elementor-column-gap-default\">\n\t\t\t\t\t<div class=\"elementor-column elementor-col-100 elementor-top-column elementor-element elementor-element-1a72a04\" data-id=\"1a72a04\" data-element_type=\"column\">\n\t\t\t<div class=\"elementor-widget-wrap elementor-element-populated\">\n\t\t\t\t\t\t<div class=\"elementor-element elementor-element-fe53994 elementor-widget elementor-widget-text-editor\" data-id=\"fe53994\" data-element_type=\"widget\" data-widget_type=\"text-editor.default\">\n\t\t\t\t<div class=\"elementor-widget-container\">\n\t\t\t\t\t\t\t<p style=\"text-align: justify;\">Parce qu&#8217;il est important de parler d&#8217;Histoire avec les enfants mais qu&#8217;il est plus ais\u00e9 de l&#8217;aborder tout en visitant un mus\u00e9e sp\u00e9cifique. Il en existe quelques uns dans la r\u00e9gion, nous vous avons s\u00e9lectionn\u00e9 deux :<\/p>\t\t\t\t\t\t<\/div>\n\t\t\t\t<\/div>\n\t\t\t\t<div class=\"elementor-element elementor-element-a547f8a elementor-widget elementor-widget-heading\" data-id=\"a547f8a\" data-element_type=\"widget\" data-widget_type=\"heading.default\">\n\t\t\t\t<div class=\"elementor-widget-container\">\n\t\t\t<h5 class=\"elementor-heading-title elementor-size-default\">Bulge Relics Museum<\/h5>\t\t<\/div>\n\t\t\t\t<\/div>\n\t\t\t\t\t<\/div>\n\t\t<\/div>\n\t\t\t\t\t<\/div>\n\t\t<\/section>\n\t\t\t\t<section class=\"elementor-section elementor-top-section elementor-element elementor-element-6a6b334 elementor-section-stretched elementor-section-boxed elementor-section-height-default elementor-section-height-default\" data-id=\"6a6b334\" data-element_type=\"section\" data-settings=\"{&quot;stretch_section&quot;:&quot;section-stretched&quot;}\">\n\t\t\t\t\t\t<div class=\"elementor-container elementor-column-gap-default\">\n\t\t\t\t\t<div class=\"elementor-column elementor-col-50 elementor-top-column elementor-element elementor-element-6907860\" data-id=\"6907860\" data-element_type=\"column\">\n\t\t\t<div class=\"elementor-widget-wrap elementor-element-populated\">\n\t\t\t\t\t\t<div class=\"elementor-element elementor-element-f109abb elementor-widget elementor-widget-image\" data-id=\"f109abb\" data-element_type=\"widget\" data-widget_type=\"image.default\">\n\t\t\t\t<div class=\"elementor-widget-container\">\n\t\t\t\t\t\t\t\t\t\t\t\t\t\t<a href=\"http:\/\/www.bulge-relics-museum.be\/\">\n\t\t\t\t\t\t\t<img loading=\"lazy\" decoding=\"async\" width=\"360\" height=\"240\" src=\"https:\/\/www.vielsalm-tourisme.be\/fr\/wp-content\/uploads\/2021\/07\/Bulge-Relics-Museum-37-360x240.jpg\" class=\"attachment-hestia-blog size-hestia-blog wp-image-8012\" alt=\"\" \/>\t\t\t\t\t\t\t\t<\/a>\n\t\t\t\t\t\t\t\t\t\t\t\t\t<\/div>\n\t\t\t\t<\/div>\n\t\t\t\t\t<\/div>\n\t\t<\/div>\n\t\t\t\t<div class=\"elementor-column elementor-col-50 elementor-top-column elementor-element elementor-element-7ad36ce\" data-id=\"7ad36ce\" data-element_type=\"column\">\n\t\t\t<div class=\"elementor-widget-wrap elementor-element-populated\">\n\t\t\t\t\t\t<div class=\"elementor-element elementor-element-2676f54 elementor-widget elementor-widget-text-editor\" data-id=\"2676f54\" data-element_type=\"widget\" data-widget_type=\"text-editor.default\">\n\t\t\t\t<div class=\"elementor-widget-container\">\n\t\t\t\t\t\t\t<p style=\"text-align: justify;\">Le Bulge Relics Museum de Joubi\u00e9val ou le mus\u00e9e des vestiges de l\u2019offensive des Ardennes est le fruit d\u2019une trentaine d\u2019ann\u00e9es de recherches passionn\u00e9es sur le terrain, de rencontres avec des v\u00e9t\u00e9rans et des gens du pays.<br \/>Il pr\u00e9sente sur plusieurs niveaux d\u2019un ancien b\u00e2timent historique des milliers de vestiges de l\u2019offensive des Ardennes retrouv\u00e9s pour la plupart dans la r\u00e9gion de Vielsalm et de la Baraque de Fraiture. Un parcours parsem\u00e9 de vitrines, de photos, de documents, de films d\u2019\u00e9poque, mais aussi de v\u00e9hicules et de mannequins vous font revivre ces heures sombres de l\u2019hiver 1944-1945 qui a vu s\u2019affronter les forces am\u00e9ricaines principalement aux troupes d\u2019\u00e9lite des SS Panzerdivisions.<br \/>Bien souvent perdus dans des situations dramatiques, ces vestiges vous pr\u00e9sentent le quotidien de ces hommes, civils et militaires, emport\u00e9s par la tourmente de la bataille.<br \/>Ils t\u00e9moignent de l\u2019importance des combats dans cette r\u00e9gion du nord de la province du Luxembourg et perp\u00e9tuent ainsi le souvenir de ces \u00e9v\u00e9nements pour les g\u00e9n\u00e9rations futures.<\/p><p style=\"text-align: justify;\"><a href=\"http:\/\/www.bulge-relics-museum.be\/\"><span style=\"text-decoration: underline;\">Visiter le site web<\/span><\/a><\/p>\t\t\t\t\t\t<\/div>\n\t\t\t\t<\/div>\n\t\t\t\t\t<\/div>\n\t\t<\/div>\n\t\t\t\t\t<\/div>\n\t\t<\/section>\n\t\t\t\t<section class=\"elementor-section elementor-top-section elementor-element elementor-element-484d794 elementor-section-stretched elementor-section-boxed elementor-section-height-default elementor-section-height-default\" data-id=\"484d794\" data-element_type=\"section\" data-settings=\"{&quot;stretch_section&quot;:&quot;section-stretched&quot;}\">\n\t\t\t\t\t\t<div class=\"elementor-container elementor-column-gap-default\">\n\t\t\t\t\t<div class=\"elementor-column elementor-col-100 elementor-top-column elementor-element elementor-element-db463ea\" data-id=\"db463ea\" data-element_type=\"column\">\n\t\t\t<div class=\"elementor-widget-wrap elementor-element-populated\">\n\t\t\t\t\t\t<div class=\"elementor-element elementor-element-2a5a877 elementor-widget elementor-widget-heading\" data-id=\"2a5a877\" data-element_type=\"widget\" data-widget_type=\"heading.default\">\n\t\t\t\t<div class=\"elementor-widget-container\">\n\t\t\t<h5 class=\"elementor-heading-title elementor-size-default\">Le mus\u00e9e de la 83rd Infantry Division<\/h5>\t\t<\/div>\n\t\t\t\t<\/div>\n\t\t\t\t\t<\/div>\n\t\t<\/div>\n\t\t\t\t\t<\/div>\n\t\t<\/section>\n\t\t\t\t<section class=\"elementor-section elementor-top-section elementor-element elementor-element-a97af7a elementor-section-stretched elementor-section-boxed elementor-section-height-default elementor-section-height-default\" data-id=\"a97af7a\" data-element_type=\"section\" data-settings=\"{&quot;stretch_section&quot;:&quot;section-stretched&quot;}\">\n\t\t\t\t\t\t<div class=\"elementor-container elementor-column-gap-default\">\n\t\t\t\t\t<div class=\"elementor-column elementor-col-50 elementor-top-column elementor-element elementor-element-316d46e\" data-id=\"316d46e\" data-element_type=\"column\">\n\t\t\t<div class=\"elementor-widget-wrap elementor-element-populated\">\n\t\t\t\t\t\t<div class=\"elementor-element elementor-element-3d39a53 elementor-widget elementor-widget-text-editor\" data-id=\"3d39a53\" data-element_type=\"widget\" data-widget_type=\"text-editor.default\">\n\t\t\t\t<div class=\"elementor-widget-container\">\n\t\t\t\t\t\t\t<p style=\"text-align: justify;\">Mus\u00e9e exclusivement centr\u00e9 sur la 83\u00e8me Division d\u2019Infanterie am\u00e9ricaine qui a particip\u00e9 \u00e0 la Bataille des Ardennes et lib\u00e9r\u00e9 le village de Bihain lors de la Seconde Guerre Mondiale. Visite \u00e9galement d\u2019un wagon ayant \u00e9t\u00e9 utilis\u00e9 pour la d\u00e9portation des prisonniers juifs vers les camps de concentration durant la Seconde Guerre Mondiale.<\/p><p style=\"text-align: justify;\">Jardin du souvenir et fortin devenu monument du souvenir exceptionnel en hommage aux 4430 soldats am\u00e9ricains tu\u00e9s durant la seconde guerre mondiale.<\/p><p style=\"text-align: justify;\"><span style=\"text-decoration: underline;\"><a href=\"https:\/\/11janvier45.skyrock.com\/\">Visiter le site web<\/a><\/span><\/p>\t\t\t\t\t\t<\/div>\n\t\t\t\t<\/div>\n\t\t\t\t\t<\/div>\n\t\t<\/div>\n\t\t\t\t<div class=\"elementor-column elementor-col-50 elementor-top-column elementor-element elementor-element-cc445a7\" data-id=\"cc445a7\" data-element_type=\"column\">\n\t\t\t<div class=\"elementor-widget-wrap elementor-element-populated\">\n\t\t\t\t\t\t<div class=\"elementor-element elementor-element-475944e elementor-widget elementor-widget-image\" data-id=\"475944e\" data-element_type=\"widget\" data-widget_type=\"image.default\">\n\t\t\t\t<div class=\"elementor-widget-container\">\n\t\t\t\t\t\t\t\t\t\t\t\t\t\t<a href=\"https:\/\/11janvier45.skyrock.com\/\">\n\t\t\t\t\t\t\t<img loading=\"lazy\" decoding=\"async\" width=\"360\" height=\"240\" src=\"https:\/\/www.vielsalm-tourisme.be\/fr\/wp-content\/uploads\/2021\/07\/Mus\u00e9e-de-la-83rd-infantry-division-de-Bihain-4-360x240.jpg\" class=\"attachment-hestia-blog size-hestia-blog wp-image-8013\" alt=\"\" \/>\t\t\t\t\t\t\t\t<\/a>\n\t\t\t\t\t\t\t\t\t\t\t\t\t<\/div>\n\t\t\t\t<\/div>\n\t\t\t\t\t<\/div>\n\t\t<\/div>\n\t\t\t\t\t<\/div>\n\t\t<\/section>\n\t\t\t\t<section class=\"elementor-section elementor-top-section elementor-element elementor-element-e9556ce elementor-section-boxed elementor-section-height-default elementor-section-height-default\" data-id=\"e9556ce\" data-element_type=\"section\">\n\t\t\t\t\t\t<div class=\"elementor-container elementor-column-gap-default\">\n\t\t\t\t\t<div class=\"elementor-column elementor-col-100 elementor-top-column elementor-element elementor-element-7079f6c\" data-id=\"7079f6c\" data-element_type=\"column\">\n\t\t\t<div class=\"elementor-widget-wrap elementor-element-populated\">\n\t\t\t\t\t\t<div class=\"elementor-element elementor-element-ab643c6 elementor-widget elementor-widget-spacer\" data-id=\"ab643c6\" data-element_type=\"widget\" data-widget_type=\"spacer.default\">\n\t\t\t\t<div class=\"elementor-widget-container\">\n\t\t\t\t\t<div class=\"elementor-spacer\">\n\t\t\t<div class=\"elementor-spacer-inner\"><\/div>\n\t\t<\/div>\n\t\t\t\t<\/div>\n\t\t\t\t<\/div>\n\t\t\t\t\t<\/div>\n\t\t<\/div>\n\t\t\t\t\t<\/div>\n\t\t<\/section>\n\t\t\t\t<section class=\"elementor-section elementor-top-section elementor-element elementor-element-05507b4 elementor-section-stretched elementor-section-boxed elementor-section-height-default elementor-section-height-default\" data-id=\"05507b4\" data-element_type=\"section\" data-settings=\"{&quot;stretch_section&quot;:&quot;section-stretched&quot;}\">\n\t\t\t\t\t\t<div class=\"elementor-container elementor-column-gap-default\">\n\t\t\t\t\t<div class=\"elementor-column elementor-col-100 elementor-top-column elementor-element elementor-element-8c04d32\" data-id=\"8c04d32\" data-element_type=\"column\">\n\t\t\t<div class=\"elementor-widget-wrap elementor-element-populated\">\n\t\t\t\t\t\t<div class=\"elementor-element elementor-element-22b9b75 elementor-widget elementor-widget-heading\" data-id=\"22b9b75\" data-element_type=\"widget\" data-widget_type=\"heading.default\">\n\t\t\t\t<div class=\"elementor-widget-container\">\n\t\t\t<h2 class=\"elementor-heading-title elementor-size-default\">Trottinette \u00e9lectrique : Ard'Enjoy<\/h2>\t\t<\/div>\n\t\t\t\t<\/div>\n\t\t\t\t\t<\/div>\n\t\t<\/div>\n\t\t\t\t\t<\/div>\n\t\t<\/section>\n\t\t\t\t<section class=\"elementor-section elementor-top-section elementor-element elementor-element-1d52f07 elementor-section-stretched elementor-section-boxed elementor-section-height-default elementor-section-height-default\" data-id=\"1d52f07\" data-element_type=\"section\" data-settings=\"{&quot;stretch_section&quot;:&quot;section-stretched&quot;}\">\n\t\t\t\t\t\t<div class=\"elementor-container elementor-column-gap-default\">\n\t\t\t\t\t<div class=\"elementor-column elementor-col-50 elementor-top-column elementor-element elementor-element-08b26ac\" data-id=\"08b26ac\" data-element_type=\"column\">\n\t\t\t<div class=\"elementor-widget-wrap elementor-element-populated\">\n\t\t\t\t\t\t<div class=\"elementor-element elementor-element-74fd443 elementor-widget elementor-widget-image\" data-id=\"74fd443\" data-element_type=\"widget\" data-widget_type=\"image.default\">\n\t\t\t\t<div class=\"elementor-widget-container\">\n\t\t\t\t\t\t\t\t\t\t\t\t\t\t<a href=\"https:\/\/www.vielsalm-tourisme.be\/fr\/index.php\/activites\/sports-daventure\/avenature-2\/\">\n\t\t\t\t\t\t\t<img loading=\"lazy\" decoding=\"async\" width=\"360\" height=\"240\" src=\"https:\/\/www.vielsalm-tourisme.be\/fr\/wp-content\/uploads\/2021\/07\/trottinettes_ardenjoy-360x240.jpg\" class=\"attachment-hestia-blog size-hestia-blog wp-image-8005\" alt=\"\" \/>\t\t\t\t\t\t\t\t<\/a>\n\t\t\t\t\t\t\t\t\t\t\t\t\t<\/div>\n\t\t\t\t<\/div>\n\t\t\t\t\t<\/div>\n\t\t<\/div>\n\t\t\t\t<div class=\"elementor-column elementor-col-50 elementor-top-column elementor-element elementor-element-51fa86f\" data-id=\"51fa86f\" data-element_type=\"column\">\n\t\t\t<div class=\"elementor-widget-wrap elementor-element-populated\">\n\t\t\t\t\t\t<div class=\"elementor-element elementor-element-1a020d1 elementor-widget elementor-widget-text-editor\" data-id=\"1a020d1\" data-element_type=\"widget\" data-widget_type=\"text-editor.default\">\n\t\t\t\t<div class=\"elementor-widget-container\">\n\t\t\t\t\t\t\t<p style=\"text-align: justify;\">Randonn\u00e9e en trottinette \u00e9lectrique tout-terrain. Accompagn\u00e9 d&#8217;un guide local, d\u00e9couvrez la haute Ardenne et ses magnifiques paysages en trottinette. Activit\u00e9 tr\u00e8s fun et ludique, \u00e0 faire d\u00e8s l&#8217;\u00e2ge de 10 ans.<\/p><p style=\"text-align: justify;\"><span style=\"text-decoration: underline;\"><a href=\"https:\/\/ardenjoy.be\/\">Attention, r\u00e9servation obligatoire au 0<\/a><\/span><a href=\"tel:+32471183344\"><span style=\"text-decoration: underline;\">471\/18 33 44. + d&#8217;infos sur le site web d&#8217;Ard&#8217;enjoy<\/span><\/a>\u00a0<\/p><p style=\"text-align: justify;\"><a href=\"https:\/\/ardenjoy.be\/\"><\/a>\u00a0<\/p>\t\t\t\t\t\t<\/div>\n\t\t\t\t<\/div>\n\t\t\t\t\t<\/div>\n\t\t<\/div>\n\t\t\t\t\t<\/div>\n\t\t<\/section>\n\t\t\t\t<section class=\"elementor-section elementor-top-section elementor-element elementor-element-c0712be elementor-section-boxed elementor-section-height-default elementor-section-height-default\" data-id=\"c0712be\" data-element_type=\"section\">\n\t\t\t\t\t\t<div class=\"elementor-container elementor-column-gap-default\">\n\t\t\t\t\t<div class=\"elementor-column elementor-col-100 elementor-top-column elementor-element elementor-element-67da2b1\" data-id=\"67da2b1\" data-element_type=\"column\">\n\t\t\t<div class=\"elementor-widget-wrap elementor-element-populated\">\n\t\t\t\t\t\t<div class=\"elementor-element elementor-element-f6f5732 elementor-widget elementor-widget-spacer\" data-id=\"f6f5732\" data-element_type=\"widget\" data-widget_type=\"spacer.default\">\n\t\t\t\t<div class=\"elementor-widget-container\">\n\t\t\t\t\t<div class=\"elementor-spacer\">\n\t\t\t<div class=\"elementor-spacer-inner\"><\/div>\n\t\t<\/div>\n\t\t\t\t<\/div>\n\t\t\t\t<\/div>\n\t\t\t\t\t<\/div>\n\t\t<\/div>\n\t\t\t\t\t<\/div>\n\t\t<\/section>\n\t\t\t\t<section class=\"elementor-section elementor-top-section elementor-element elementor-element-6691061 elementor-section-stretched elementor-section-boxed elementor-section-height-default elementor-section-height-default\" data-id=\"6691061\" data-element_type=\"section\" data-settings=\"{&quot;stretch_section&quot;:&quot;section-stretched&quot;}\">\n\t\t\t\t\t\t<div class=\"elementor-container elementor-column-gap-default\">\n\t\t\t\t\t<div class=\"elementor-column elementor-col-100 elementor-top-column elementor-element elementor-element-f7a8c9b\" data-id=\"f7a8c9b\" data-element_type=\"column\">\n\t\t\t<div class=\"elementor-widget-wrap elementor-element-populated\">\n\t\t\t\t\t\t<div class=\"elementor-element elementor-element-7fc4e8d elementor-widget elementor-widget-heading\" data-id=\"7fc4e8d\" data-element_type=\"widget\" data-widget_type=\"heading.default\">\n\t\t\t\t<div class=\"elementor-widget-container\">\n\t\t\t<h2 class=\"elementor-heading-title elementor-size-default\">BMX<\/h2>\t\t<\/div>\n\t\t\t\t<\/div>\n\t\t\t\t\t<\/div>\n\t\t<\/div>\n\t\t\t\t\t<\/div>\n\t\t<\/section>\n\t\t\t\t<section class=\"elementor-section elementor-top-section elementor-element elementor-element-2189d4c elementor-section-stretched elementor-section-boxed elementor-section-height-default elementor-section-height-default\" data-id=\"2189d4c\" data-element_type=\"section\" data-settings=\"{&quot;stretch_section&quot;:&quot;section-stretched&quot;}\">\n\t\t\t\t\t\t<div class=\"elementor-container elementor-column-gap-default\">\n\t\t\t\t\t<div class=\"elementor-column elementor-col-50 elementor-top-column elementor-element elementor-element-5baef13\" data-id=\"5baef13\" data-element_type=\"column\">\n\t\t\t<div class=\"elementor-widget-wrap elementor-element-populated\">\n\t\t\t\t\t\t<div class=\"elementor-element elementor-element-9baebc3 elementor-widget elementor-widget-text-editor\" data-id=\"9baebc3\" data-element_type=\"widget\" data-widget_type=\"text-editor.default\">\n\t\t\t\t<div class=\"elementor-widget-container\">\n\t\t\t\t\t\t\t<p>On vous conseille aux plus sportifs d&#8217;entre vous cette activit\u00e9 des plus originales : du BMX \u00e0 la Station de la Baraque de Fraiture. Encadr\u00e9 par un vrai pro ou en acc\u00e8s libre, c&#8217;est \u00e0 vous de choisir.<\/p><blockquote><p>Bien plus qu\u2019une simple piste, la piste de BMX vous permettra de vous essayer \u00e0 la course, de d\u00e9coller mais aussi d&#8217;essayer notre syst\u00e8me de d\u00e9part \u00ab random gate \u00bb ou encore de profiter du skate park (Trafic Way).<\/p><p>Piste de BMX de 350m, aux normes de comp\u00e9tition<\/p><p>Skate Park avec une mini, quelques modules. La piste est accessible tous les mercredis de 14h \u00e0 17h de mars \u00e0 novembre.<\/p><\/blockquote><p>Retrouvez les infos pratiques sur son site: <a href=\"https:\/\/la-station.be\/activites\/bmx\/\">la-station.be<\/a><\/p>\t\t\t\t\t\t<\/div>\n\t\t\t\t<\/div>\n\t\t\t\t\t<\/div>\n\t\t<\/div>\n\t\t\t\t<div class=\"elementor-column elementor-col-50 elementor-top-column elementor-element elementor-element-d9eaace\" data-id=\"d9eaace\" data-element_type=\"column\">\n\t\t\t<div class=\"elementor-widget-wrap elementor-element-populated\">\n\t\t\t\t\t\t<div class=\"elementor-element elementor-element-5958f08 elementor-widget elementor-widget-image\" data-id=\"5958f08\" data-element_type=\"widget\" data-widget_type=\"image.default\">\n\t\t\t\t<div class=\"elementor-widget-container\">\n\t\t\t\t\t\t\t\t\t\t\t\t\t\t<a href=\"https:\/\/la-station.be\/activites\/bmx\/\">\n\t\t\t\t\t\t\t<img loading=\"lazy\" decoding=\"async\" width=\"360\" height=\"240\" src=\"https:\/\/www.vielsalm-tourisme.be\/fr\/wp-content\/uploads\/2019\/03\/bikepark-360x240.jpg\" class=\"attachment-hestia-blog size-hestia-blog wp-image-2633\" alt=\"\" srcset=\"https:\/\/www.vielsalm-tourisme.be\/fr\/wp-content\/uploads\/2019\/03\/bikepark-360x240.jpg 360w, https:\/\/www.vielsalm-tourisme.be\/fr\/wp-content\/uploads\/2019\/03\/bikepark-300x200.jpg 300w, https:\/\/www.vielsalm-tourisme.be\/fr\/wp-content\/uploads\/2019\/03\/bikepark-768x512.jpg 768w, https:\/\/www.vielsalm-tourisme.be\/fr\/wp-content\/uploads\/2019\/03\/bikepark-1024x683.jpg 1024w, https:\/\/www.vielsalm-tourisme.be\/fr\/wp-content\/uploads\/2019\/03\/bikepark.jpg 2048w\" sizes=\"(max-width: 360px) 100vw, 360px\" \/>\t\t\t\t\t\t\t\t<\/a>\n\t\t\t\t\t\t\t\t\t\t\t\t\t<\/div>\n\t\t\t\t<\/div>\n\t\t\t\t\t<\/div>\n\t\t<\/div>\n\t\t\t\t\t<\/div>\n\t\t<\/section>\n\t\t\t\t<section class=\"elementor-section elementor-top-section elementor-element elementor-element-8c9dcfa elementor-section-stretched elementor-section-boxed elementor-section-height-default elementor-section-height-default\" data-id=\"8c9dcfa\" data-element_type=\"section\" data-settings=\"{&quot;stretch_section&quot;:&quot;section-stretched&quot;}\">\n\t\t\t\t\t\t<div class=\"elementor-container elementor-column-gap-default\">\n\t\t\t\t\t<div class=\"elementor-column elementor-col-100 elementor-top-column elementor-element elementor-element-7ed80e3\" data-id=\"7ed80e3\" data-element_type=\"column\">\n\t\t\t<div class=\"elementor-widget-wrap elementor-element-populated\">\n\t\t\t\t\t\t<div class=\"elementor-element elementor-element-1e595d3 elementor-widget elementor-widget-text-editor\" data-id=\"1e595d3\" data-element_type=\"widget\" data-widget_type=\"text-editor.default\">\n\t\t\t\t<div class=\"elementor-widget-container\">\n\t\t\t\t\t\t\t<p>Nous tenons \u00e0 pr\u00e9ciser que cette liste est non-exhaustive, il y a bien d&#8217;autres activit\u00e9s \u00e0 Vielsalm. Ceci n&#8217;est qu&#8217;un \u00e9chantillon. Nous sommes bien s\u00fbr toujours \u00e0 votre disposition pour tout renseignement suppl\u00e9mentaire. <\/p><p>Contactez-nous :<\/p><p>Par t\u00e9l\u00e9phone au 080\/21 50 52<\/p><p>Par mail \u00e0 l&#8217;adresse : info@vielsalm-tourisme.be<\/p><p>Ou directement au bureau du Syndicat d&#8217;initiative situ\u00e9 Avenue de la Salm, 50 \u00e0 6690 Vielsalm (ouvert tous les jours de 10h \u00e0 17h, oui tous les jours, nous ne fermons que le 1er janvier et le 25 d\u00e9cembre)<\/p><p>A bient\u00f4t! \ud83d\ude42<\/p>\t\t\t\t\t\t<\/div>\n\t\t\t\t<\/div>\n\t\t\t\t\t<\/div>\n\t\t<\/div>\n\t\t\t\t\t<\/div>\n\t\t<\/section>\n\t\t\t\t<\/div>\n\t\t","protected":false},"excerpt":{"rendered":"<p>Que faire en famille \u00e0 Vielsalm ? Vous \u00eates en s\u00e9jour en famille \u00e0 Vielsalm et vous \u00eates \u00e0 la recherche des activit\u00e9s \u00e0 ne pas manquer? Le Syndicat d&#8217;initiative de Vielsalm vous propose un petit condens\u00e9 de ce qu&#8217;il est possible de faire \u00e0 Vielsalm : balades p\u00e9destres ou [&hellip;]<\/p>\n","protected":false},"author":1,"featured_media":8008,"comment_status":"open","ping_status":"open","sticky":false,"template":"","format":"standard","meta":{"_monsterinsights_skip_tracking":false,"_monsterinsights_sitenote_active":false,"_monsterinsights_sitenote_note":"","_monsterinsights_sitenote_category":0,"footnotes":""},"categories":[12,13],"tags":[48,47,15],"class_list":["post-7990","post","type-post","status-publish","format-standard","has-post-thumbnail","hentry","category-partenaire-touristique","category-patrimoine","tag-enfants","tag-famille","tag-foret"],"_links":{"self":[{"href":"https:\/\/www.vielsalm-tourisme.be\/fr\/index.php\/wp-json\/wp\/v2\/posts\/7990","targetHints":{"allow":["GET"]}}],"collection":[{"href":"https:\/\/www.vielsalm-tourisme.be\/fr\/index.php\/wp-json\/wp\/v2\/posts"}],"about":[{"href":"https:\/\/www.vielsalm-tourisme.be\/fr\/index.php\/wp-json\/wp\/v2\/types\/post"}],"author":[{"embeddable":true,"href":"https:\/\/www.vielsalm-tourisme.be\/fr\/index.php\/wp-json\/wp\/v2\/users\/1"}],"replies":[{"embeddable":true,"href":"https:\/\/www.vielsalm-tourisme.be\/fr\/index.php\/wp-json\/wp\/v2\/comments?post=7990"}],"version-history":[{"count":17,"href":"https:\/\/www.vielsalm-tourisme.be\/fr\/index.php\/wp-json\/wp\/v2\/posts\/7990\/revisions"}],"predecessor-version":[{"id":9316,"href":"https:\/\/www.vielsalm-tourisme.be\/fr\/index.php\/wp-json\/wp\/v2\/posts\/7990\/revisions\/9316"}],"wp:featuredmedia":[{"embeddable":true,"href":"https:\/\/www.vielsalm-tourisme.be\/fr\/index.php\/wp-json\/wp\/v2\/media\/8008"}],"wp:attachment":[{"href":"https:\/\/www.vielsalm-tourisme.be\/fr\/index.php\/wp-json\/wp\/v2\/media?parent=7990"}],"wp:term":[{"taxonomy":"category","embeddable":true,"href":"https:\/\/www.vielsalm-tourisme.be\/fr\/index.php\/wp-json\/wp\/v2\/categories?post=7990"},{"taxonomy":"post_tag","embeddable":true,"href":"https:\/\/www.vielsalm-tourisme.be\/fr\/index.php\/wp-json\/wp\/v2\/tags?post=7990"}],"curies":[{"name":"wp","href":"https:\/\/api.w.org\/{rel}","templated":true}]}}