{"id":7831,"date":"2021-04-09T16:12:36","date_gmt":"2021-04-09T14:12:36","guid":{"rendered":"https:\/\/www.vielsalm-tourisme.be\/fr\/?p=7831"},"modified":"2021-04-09T16:47:27","modified_gmt":"2021-04-09T14:47:27","slug":"8-balades-au-depart-de-la-gare-de-vielsalm","status":"publish","type":"post","link":"https:\/\/www.vielsalm-tourisme.be\/fr\/index.php\/2021\/04\/09\/8-balades-au-depart-de-la-gare-de-vielsalm\/","title":{"rendered":"8 balades au d\u00e9part de la gare de Vielsalm"},"content":{"rendered":"\t\t<div data-elementor-type=\"wp-post\" data-elementor-id=\"7831\" class=\"elementor elementor-7831 elementor-bc-flex-widget\">\n\t\t\t\t\t\t<section class=\"elementor-section elementor-top-section elementor-element elementor-element-fdf861d elementor-section-stretched elementor-section-boxed elementor-section-height-default elementor-section-height-default\" data-id=\"fdf861d\" data-element_type=\"section\" data-settings=\"{&quot;stretch_section&quot;:&quot;section-stretched&quot;}\">\n\t\t\t\t\t\t<div class=\"elementor-container elementor-column-gap-default\">\n\t\t\t\t\t<div class=\"elementor-column elementor-col-100 elementor-top-column elementor-element elementor-element-aacb923\" data-id=\"aacb923\" data-element_type=\"column\">\n\t\t\t<div class=\"elementor-widget-wrap elementor-element-populated\">\n\t\t\t\t\t\t<div class=\"elementor-element elementor-element-500cba6 elementor-widget elementor-widget-heading\" data-id=\"500cba6\" data-element_type=\"widget\" data-widget_type=\"heading.default\">\n\t\t\t\t<div class=\"elementor-widget-container\">\n\t\t\t<h2 class=\"elementor-heading-title elementor-size-default\">8 balades au d\u00e9part de la gare de Vielsalm<\/h2>\t\t<\/div>\n\t\t\t\t<\/div>\n\t\t\t\t\t<\/div>\n\t\t<\/div>\n\t\t\t\t\t<\/div>\n\t\t<\/section>\n\t\t\t\t<section class=\"elementor-section elementor-top-section elementor-element elementor-element-9a1500a elementor-section-stretched elementor-section-boxed elementor-section-height-default elementor-section-height-default\" data-id=\"9a1500a\" data-element_type=\"section\" data-settings=\"{&quot;stretch_section&quot;:&quot;section-stretched&quot;}\">\n\t\t\t\t\t\t<div class=\"elementor-container elementor-column-gap-default\">\n\t\t\t\t\t<div class=\"elementor-column elementor-col-100 elementor-top-column elementor-element elementor-element-3f14e9f\" data-id=\"3f14e9f\" data-element_type=\"column\">\n\t\t\t<div class=\"elementor-widget-wrap elementor-element-populated\">\n\t\t\t\t\t\t<div class=\"elementor-element elementor-element-4c5e367 elementor-widget elementor-widget-image\" data-id=\"4c5e367\" data-element_type=\"widget\" data-widget_type=\"image.default\">\n\t\t\t\t<div class=\"elementor-widget-container\">\n\t\t\t\t\t\t\t\t\t\t\t\t\t<img fetchpriority=\"high\" decoding=\"async\" width=\"750\" height=\"234\" src=\"https:\/\/www.vielsalm-tourisme.be\/fr\/wp-content\/uploads\/2021\/04\/prochain_arret_vielsalm-1024x319.jpg\" class=\"attachment-large size-large wp-image-7837\" alt=\"\" srcset=\"https:\/\/www.vielsalm-tourisme.be\/fr\/wp-content\/uploads\/2021\/04\/prochain_arret_vielsalm-1024x319.jpg 1024w, https:\/\/www.vielsalm-tourisme.be\/fr\/wp-content\/uploads\/2021\/04\/prochain_arret_vielsalm-300x93.jpg 300w, https:\/\/www.vielsalm-tourisme.be\/fr\/wp-content\/uploads\/2021\/04\/prochain_arret_vielsalm-768x239.jpg 768w\" sizes=\"(max-width: 750px) 100vw, 750px\" \/>\t\t\t\t\t\t\t\t\t\t\t\t\t<\/div>\n\t\t\t\t<\/div>\n\t\t\t\t\t<\/div>\n\t\t<\/div>\n\t\t\t\t\t<\/div>\n\t\t<\/section>\n\t\t\t\t<section class=\"elementor-section elementor-top-section elementor-element elementor-element-e4e9a03 elementor-section-stretched elementor-section-boxed elementor-section-height-default elementor-section-height-default\" data-id=\"e4e9a03\" data-element_type=\"section\" data-settings=\"{&quot;stretch_section&quot;:&quot;section-stretched&quot;}\">\n\t\t\t\t\t\t<div class=\"elementor-container elementor-column-gap-default\">\n\t\t\t\t\t<div class=\"elementor-column elementor-col-100 elementor-top-column elementor-element elementor-element-14ac351\" data-id=\"14ac351\" data-element_type=\"column\">\n\t\t\t<div class=\"elementor-widget-wrap elementor-element-populated\">\n\t\t\t\t\t\t<div class=\"elementor-element elementor-element-4d28d13 elementor-widget elementor-widget-text-editor\" data-id=\"4d28d13\" data-element_type=\"widget\" data-widget_type=\"text-editor.default\">\n\t\t\t\t<div class=\"elementor-widget-container\">\n\t\t\t\t\t\t\t<p>Quoi de mieux qu\u2019une agr\u00e9able promenade en Ardenne\u00a0? Vous n\u2019avez pas le temps de venir plusieurs jours \u00e0 Vielsalm\u00a0? Vous avez envie de vous changer les id\u00e9es, sans chichis\u00a0? Tout ce que vous avez \u00e0 faire, c\u2019est monter dans le train, descendre \u00e0 l\u2019arr\u00eat \u00ab\u00a0Vielsalm\u00a0\u00bb, et c\u2019est partiii\u00a0!<\/p><p>Notez d\u2019abord que le point de d\u00e9part officiel de ces 8 promenades, c\u2019est le bureau du Syndicat d\u2019initiative de Vielsalm, lui-m\u00eame situ\u00e9 \u00e0 180 m de la gare, Avenue de la Salm n\u00b050 (ouvert tous les jours de 10h \u00e0 17h).<\/p><p>Aussi, les 4 derni\u00e8res de cette liste sont un \u00e9chantillon de notre carte de promenades, que vous trouverez au prix de 7\u20ac au bureau ou <a href=\"https:\/\/www.vielsalm-tourisme.be\/fr\/index.php\/nos-brochures\/\"><span style=\"text-decoration: underline;\">en ligne.<\/span><\/a><\/p>\t\t\t\t\t\t<\/div>\n\t\t\t\t<\/div>\n\t\t\t\t\t<\/div>\n\t\t<\/div>\n\t\t\t\t\t<\/div>\n\t\t<\/section>\n\t\t\t\t<section class=\"elementor-section elementor-top-section elementor-element elementor-element-cd7faa9 elementor-section-stretched elementor-section-boxed elementor-section-height-default elementor-section-height-default\" data-id=\"cd7faa9\" data-element_type=\"section\" data-settings=\"{&quot;stretch_section&quot;:&quot;section-stretched&quot;}\">\n\t\t\t\t\t\t<div class=\"elementor-container elementor-column-gap-default\">\n\t\t\t\t\t<div class=\"elementor-column elementor-col-100 elementor-top-column elementor-element elementor-element-1885d82\" data-id=\"1885d82\" data-element_type=\"column\">\n\t\t\t<div class=\"elementor-widget-wrap elementor-element-populated\">\n\t\t\t\t\t\t<div class=\"elementor-element elementor-element-84f4330 elementor-widget elementor-widget-image\" data-id=\"84f4330\" data-element_type=\"widget\" data-widget_type=\"image.default\">\n\t\t\t\t<div class=\"elementor-widget-container\">\n\t\t\t\t\t\t\t\t\t\t\t\t\t\t<a href=\"https:\/\/www.vielsalm-tourisme.be\/fr\/wp-content\/uploads\/2021\/04\/plan_gare_syndicatdinitiative.jpg\" data-elementor-open-lightbox=\"yes\" data-elementor-lightbox-title=\"plan_gare_syndicatdinitiative\" data-e-action-hash=\"#elementor-action%3Aaction%3Dlightbox%26settings%3DeyJpZCI6NzgzNSwidXJsIjoiaHR0cHM6XC9cL3d3dy52aWVsc2FsbS10b3VyaXNtZS5iZVwvZnJcL3dwLWNvbnRlbnRcL3VwbG9hZHNcLzIwMjFcLzA0XC9wbGFuX2dhcmVfc3luZGljYXRkaW5pdGlhdGl2ZS5qcGcifQ%3D%3D\">\n\t\t\t\t\t\t\t<img decoding=\"async\" width=\"750\" height=\"530\" src=\"https:\/\/www.vielsalm-tourisme.be\/fr\/wp-content\/uploads\/2021\/04\/plan_gare_syndicatdinitiative-1024x724.jpg\" class=\"attachment-large size-large wp-image-7835\" alt=\"\" srcset=\"https:\/\/www.vielsalm-tourisme.be\/fr\/wp-content\/uploads\/2021\/04\/plan_gare_syndicatdinitiative-1024x724.jpg 1024w, https:\/\/www.vielsalm-tourisme.be\/fr\/wp-content\/uploads\/2021\/04\/plan_gare_syndicatdinitiative-300x212.jpg 300w, https:\/\/www.vielsalm-tourisme.be\/fr\/wp-content\/uploads\/2021\/04\/plan_gare_syndicatdinitiative-768x543.jpg 768w, https:\/\/www.vielsalm-tourisme.be\/fr\/wp-content\/uploads\/2021\/04\/plan_gare_syndicatdinitiative.jpg 1754w\" sizes=\"(max-width: 750px) 100vw, 750px\" \/>\t\t\t\t\t\t\t\t<\/a>\n\t\t\t\t\t\t\t\t\t\t\t\t\t<\/div>\n\t\t\t\t<\/div>\n\t\t\t\t\t<\/div>\n\t\t<\/div>\n\t\t\t\t\t<\/div>\n\t\t<\/section>\n\t\t\t\t<section class=\"elementor-section elementor-top-section elementor-element elementor-element-b967223 elementor-section-stretched elementor-section-boxed elementor-section-height-default elementor-section-height-default\" data-id=\"b967223\" data-element_type=\"section\" data-settings=\"{&quot;stretch_section&quot;:&quot;section-stretched&quot;}\">\n\t\t\t\t\t\t<div class=\"elementor-container elementor-column-gap-default\">\n\t\t\t\t\t<div class=\"elementor-column elementor-col-100 elementor-top-column elementor-element elementor-element-72894ad\" data-id=\"72894ad\" data-element_type=\"column\">\n\t\t\t<div class=\"elementor-widget-wrap elementor-element-populated\">\n\t\t\t\t\t\t<div class=\"elementor-element elementor-element-c1cf0a9 elementor-widget elementor-widget-heading\" data-id=\"c1cf0a9\" data-element_type=\"widget\" data-widget_type=\"heading.default\">\n\t\t\t\t<div class=\"elementor-widget-container\">\n\t\t\t<h2 class=\"elementor-heading-title elementor-size-default\">La promenade du Lac des Doyards<\/h2>\t\t<\/div>\n\t\t\t\t<\/div>\n\t\t\t\t\t<\/div>\n\t\t<\/div>\n\t\t\t\t\t<\/div>\n\t\t<\/section>\n\t\t\t\t<section class=\"elementor-section elementor-top-section elementor-element elementor-element-e4e909a elementor-section-stretched elementor-section-boxed elementor-section-height-default elementor-section-height-default\" data-id=\"e4e909a\" data-element_type=\"section\" data-settings=\"{&quot;stretch_section&quot;:&quot;section-stretched&quot;}\">\n\t\t\t\t\t\t<div class=\"elementor-container elementor-column-gap-default\">\n\t\t\t\t\t<div class=\"elementor-column elementor-col-50 elementor-top-column elementor-element elementor-element-9d3608a\" data-id=\"9d3608a\" data-element_type=\"column\">\n\t\t\t<div class=\"elementor-widget-wrap elementor-element-populated\">\n\t\t\t\t\t\t<div class=\"elementor-element elementor-element-5f1468c elementor-widget elementor-widget-image\" data-id=\"5f1468c\" data-element_type=\"widget\" data-widget_type=\"image.default\">\n\t\t\t\t<div class=\"elementor-widget-container\">\n\t\t\t\t\t\t\t\t\t\t\t\t\t<img decoding=\"async\" width=\"360\" height=\"240\" src=\"https:\/\/www.vielsalm-tourisme.be\/fr\/wp-content\/uploads\/2021\/04\/accueil_lac-360x240.jpg\" class=\"attachment-hestia-blog size-hestia-blog wp-image-7842\" alt=\"\" srcset=\"https:\/\/www.vielsalm-tourisme.be\/fr\/wp-content\/uploads\/2021\/04\/accueil_lac-360x240.jpg 360w, https:\/\/www.vielsalm-tourisme.be\/fr\/wp-content\/uploads\/2021\/04\/accueil_lac-300x200.jpg 300w, https:\/\/www.vielsalm-tourisme.be\/fr\/wp-content\/uploads\/2021\/04\/accueil_lac-768x512.jpg 768w, https:\/\/www.vielsalm-tourisme.be\/fr\/wp-content\/uploads\/2021\/04\/accueil_lac-1024x683.jpg 1024w\" sizes=\"(max-width: 360px) 100vw, 360px\" \/>\t\t\t\t\t\t\t\t\t\t\t\t\t<\/div>\n\t\t\t\t<\/div>\n\t\t\t\t\t<\/div>\n\t\t<\/div>\n\t\t\t\t<div class=\"elementor-column elementor-col-50 elementor-top-column elementor-element elementor-element-6ee88f6\" data-id=\"6ee88f6\" data-element_type=\"column\">\n\t\t\t<div class=\"elementor-widget-wrap elementor-element-populated\">\n\t\t\t\t\t\t<div class=\"elementor-element elementor-element-aa41f71 elementor-widget elementor-widget-text-editor\" data-id=\"aa41f71\" data-element_type=\"widget\" data-widget_type=\"text-editor.default\">\n\t\t\t\t<div class=\"elementor-widget-container\">\n\t\t\t\t\t\t\t<p>\u2192 <span style=\"color: #ef562d;\"><strong>Balise\u00a0<\/strong><\/span>: Aucune<\/p><p>\u2192 <span style=\"color: #ef562d;\"><strong>Distance\u00a0<\/strong><\/span>: 2 km<\/p><p>\u2192 <span style=\"color: #ef562d;\"><strong>Accessible aux PMR<\/strong><\/span><\/p><p>\u2192 <span style=\"color: #ef562d;\"><strong>Difficult\u00e9<\/strong><\/span>\u00a0: 1\/5<\/p><p>\u2192 <strong><span style=\"color: #ef562d;\">D\u00e9nivel\u00e9<\/span><\/strong>\u00a0: 12 m positif<\/p>\t\t\t\t\t\t<\/div>\n\t\t\t\t<\/div>\n\t\t\t\t\t<\/div>\n\t\t<\/div>\n\t\t\t\t\t<\/div>\n\t\t<\/section>\n\t\t\t\t<section class=\"elementor-section elementor-top-section elementor-element elementor-element-c6cb111 elementor-section-stretched elementor-section-boxed elementor-section-height-default elementor-section-height-default\" data-id=\"c6cb111\" data-element_type=\"section\" data-settings=\"{&quot;stretch_section&quot;:&quot;section-stretched&quot;}\">\n\t\t\t\t\t\t<div class=\"elementor-container elementor-column-gap-default\">\n\t\t\t\t\t<div class=\"elementor-column elementor-col-100 elementor-top-column elementor-element elementor-element-81599f8\" data-id=\"81599f8\" data-element_type=\"column\">\n\t\t\t<div class=\"elementor-widget-wrap elementor-element-populated\">\n\t\t\t\t\t\t<div class=\"elementor-element elementor-element-28edfaa elementor-widget elementor-widget-text-editor\" data-id=\"28edfaa\" data-element_type=\"widget\" data-widget_type=\"text-editor.default\">\n\t\t\t\t<div class=\"elementor-widget-container\">\n\t\t\t\t\t\t\t<p style=\"text-align: justify;\">Cette promenade familiale vous invite au d\u00e9lassement dans le cadre enchanteur et idyllique du lac des Doyards. De quoi passer un agr\u00e9able moment de ressourcement !<\/p><p>Le lac des Doyards fut cr\u00e9\u00e9 en 1975, c&#8217;est un des plus grands lacs de la Province de Luxembourg (850 x 150 m). \u00c0 l&#8217;origine ces terres \u00e9taient travers\u00e9es par le Glain et constituaient un revenu locatif (doyard en wallon) pour la paroisse.\u00a0<\/p><p style=\"text-align: justify;\">Plaine de jeux accessible toute l\u2019ann\u00e9e. Vous pouvez aussi vous installer sur le balai de Macralles le temps de prendre la pose pour votre prochaine story Insta (<a href=\"https:\/\/www.instagram.com\/vielsalmtourisme\/\">#vielsalmtourisme<\/a>)<\/p>\t\t\t\t\t\t<\/div>\n\t\t\t\t<\/div>\n\t\t\t\t\t<\/div>\n\t\t<\/div>\n\t\t\t\t\t<\/div>\n\t\t<\/section>\n\t\t\t\t<section class=\"elementor-section elementor-top-section elementor-element elementor-element-0782743 elementor-section-stretched elementor-section-boxed elementor-section-height-default elementor-section-height-default\" data-id=\"0782743\" data-element_type=\"section\" data-settings=\"{&quot;stretch_section&quot;:&quot;section-stretched&quot;}\">\n\t\t\t\t\t\t<div class=\"elementor-container elementor-column-gap-default\">\n\t\t\t\t\t<div class=\"elementor-column elementor-col-100 elementor-top-column elementor-element elementor-element-59018ed\" data-id=\"59018ed\" data-element_type=\"column\">\n\t\t\t<div class=\"elementor-widget-wrap elementor-element-populated\">\n\t\t\t\t\t\t<div class=\"elementor-element elementor-element-a93f012 elementor-widget elementor-widget-heading\" data-id=\"a93f012\" data-element_type=\"widget\" data-widget_type=\"heading.default\">\n\t\t\t\t<div class=\"elementor-widget-container\">\n\t\t\t<h2 class=\"elementor-heading-title elementor-size-default\">La balade des Macralles<\/h2>\t\t<\/div>\n\t\t\t\t<\/div>\n\t\t\t\t\t<\/div>\n\t\t<\/div>\n\t\t\t\t\t<\/div>\n\t\t<\/section>\n\t\t\t\t<section class=\"elementor-section elementor-top-section elementor-element elementor-element-326b767 elementor-section-stretched elementor-section-boxed elementor-section-height-default elementor-section-height-default\" data-id=\"326b767\" data-element_type=\"section\" data-settings=\"{&quot;stretch_section&quot;:&quot;section-stretched&quot;}\">\n\t\t\t\t\t\t<div class=\"elementor-container elementor-column-gap-default\">\n\t\t\t\t\t<div class=\"elementor-column elementor-col-50 elementor-top-column elementor-element elementor-element-e009809\" data-id=\"e009809\" data-element_type=\"column\">\n\t\t\t<div class=\"elementor-widget-wrap elementor-element-populated\">\n\t\t\t\t\t\t<div class=\"elementor-element elementor-element-eedd7df elementor-widget elementor-widget-image\" data-id=\"eedd7df\" data-element_type=\"widget\" data-widget_type=\"image.default\">\n\t\t\t\t<div class=\"elementor-widget-container\">\n\t\t\t\t\t\t\t\t\t\t\t\t\t<img loading=\"lazy\" decoding=\"async\" width=\"360\" height=\"240\" src=\"https:\/\/www.vielsalm-tourisme.be\/fr\/wp-content\/uploads\/2021\/04\/macralles_audio2-360x240.jpg\" class=\"attachment-hestia-blog size-hestia-blog wp-image-7843\" alt=\"\" \/>\t\t\t\t\t\t\t\t\t\t\t\t\t<\/div>\n\t\t\t\t<\/div>\n\t\t\t\t\t<\/div>\n\t\t<\/div>\n\t\t\t\t<div class=\"elementor-column elementor-col-50 elementor-top-column elementor-element elementor-element-ddc5aa6\" data-id=\"ddc5aa6\" data-element_type=\"column\">\n\t\t\t<div class=\"elementor-widget-wrap elementor-element-populated\">\n\t\t\t\t\t\t<div class=\"elementor-element elementor-element-e76e301 elementor-widget elementor-widget-text-editor\" data-id=\"e76e301\" data-element_type=\"widget\" data-widget_type=\"text-editor.default\">\n\t\t\t\t<div class=\"elementor-widget-container\">\n\t\t\t\t\t\t\t<p>\u2192 <span style=\"color: #ef562d;\"><strong>Balise\u00a0<\/strong><\/span>: une macralle sur son balai <\/p><p>\u2192 <span style=\"color: #ef562d;\"><strong>Distance\u00a0<\/strong><\/span>: 4,5 km<\/p><p>\u2192 <span style=\"color: #ef562d;\"><strong>Difficult\u00e9<\/strong>\u00a0<\/span>: 1\/5<\/p><p>\u2192 <span style=\"color: #ef562d;\"><strong>Brochure <\/strong><\/span>: en vente au SI de Vielsalm \u00e0 3\u20ac ou<a href=\"https:\/\/www.vielsalm-tourisme.be\/fr\/index.php\/nos-brochures\/\"> <span style=\"text-decoration: underline;\">en ligne<\/span><\/a><span style=\"text-decoration: underline;\"><\/span><\/p><p><\/p>\t\t\t\t\t\t<\/div>\n\t\t\t\t<\/div>\n\t\t\t\t\t<\/div>\n\t\t<\/div>\n\t\t\t\t\t<\/div>\n\t\t<\/section>\n\t\t\t\t<section class=\"elementor-section elementor-top-section elementor-element elementor-element-c44b4cc elementor-section-stretched elementor-section-boxed elementor-section-height-default elementor-section-height-default\" data-id=\"c44b4cc\" data-element_type=\"section\" data-settings=\"{&quot;stretch_section&quot;:&quot;section-stretched&quot;}\">\n\t\t\t\t\t\t<div class=\"elementor-container elementor-column-gap-default\">\n\t\t\t\t\t<div class=\"elementor-column elementor-col-100 elementor-top-column elementor-element elementor-element-526e1a7\" data-id=\"526e1a7\" data-element_type=\"column\">\n\t\t\t<div class=\"elementor-widget-wrap elementor-element-populated\">\n\t\t\t\t\t\t<div class=\"elementor-element elementor-element-00b20f5 elementor-widget elementor-widget-text-editor\" data-id=\"00b20f5\" data-element_type=\"widget\" data-widget_type=\"text-editor.default\">\n\t\t\t\t<div class=\"elementor-widget-container\">\n\t\t\t\t\t\t\t<p style=\"text-align: justify;\">Cette balade sonore vous emm\u00e8ne \u00e0 la d\u00e9couverte des Macralles et du folklore salmien.Vous suivrez les voix d&#8217;une petite fille et de son grand-p\u00e8re, et rencontrerez au fil de la promenade plusieurs personnages hauts en couleurs.<\/p><p><a href=\"https:\/\/www.vielsalm-tourisme.be\/fr\/index.php\/activites\/a-pied\/les-circuits-sonores\/la-balade-des-macralles-sonore\/\"><span style=\"text-decoration: underline;\">Pour t\u00e9l\u00e9charger les MP3, suivez ce lien<\/span> <\/a><\/p>\t\t\t\t\t\t<\/div>\n\t\t\t\t<\/div>\n\t\t\t\t\t<\/div>\n\t\t<\/div>\n\t\t\t\t\t<\/div>\n\t\t<\/section>\n\t\t\t\t<section class=\"elementor-section elementor-top-section elementor-element elementor-element-df33562 elementor-section-stretched elementor-section-boxed elementor-section-height-default elementor-section-height-default\" data-id=\"df33562\" data-element_type=\"section\" data-settings=\"{&quot;stretch_section&quot;:&quot;section-stretched&quot;}\">\n\t\t\t\t\t\t<div class=\"elementor-container elementor-column-gap-default\">\n\t\t\t\t\t<div class=\"elementor-column elementor-col-100 elementor-top-column elementor-element elementor-element-bf8f703\" data-id=\"bf8f703\" data-element_type=\"column\">\n\t\t\t<div class=\"elementor-widget-wrap elementor-element-populated\">\n\t\t\t\t\t\t<div class=\"elementor-element elementor-element-4eb0a83 elementor-widget elementor-widget-heading\" data-id=\"4eb0a83\" data-element_type=\"widget\" data-widget_type=\"heading.default\">\n\t\t\t\t<div class=\"elementor-widget-container\">\n\t\t\t<h2 class=\"elementor-heading-title elementor-size-default\">Sentier didactique : \"La nature en questions\"<\/h2>\t\t<\/div>\n\t\t\t\t<\/div>\n\t\t\t\t\t<\/div>\n\t\t<\/div>\n\t\t\t\t\t<\/div>\n\t\t<\/section>\n\t\t\t\t<section class=\"elementor-section elementor-top-section elementor-element elementor-element-4980fde elementor-section-stretched elementor-section-boxed elementor-section-height-default elementor-section-height-default\" data-id=\"4980fde\" data-element_type=\"section\" data-settings=\"{&quot;stretch_section&quot;:&quot;section-stretched&quot;}\">\n\t\t\t\t\t\t<div class=\"elementor-container elementor-column-gap-default\">\n\t\t\t\t\t<div class=\"elementor-column elementor-col-50 elementor-top-column elementor-element elementor-element-6bbf16d\" data-id=\"6bbf16d\" data-element_type=\"column\">\n\t\t\t<div class=\"elementor-widget-wrap elementor-element-populated\">\n\t\t\t\t\t\t<div class=\"elementor-element elementor-element-1af56ae elementor-widget elementor-widget-image\" data-id=\"1af56ae\" data-element_type=\"widget\" data-widget_type=\"image.default\">\n\t\t\t\t<div class=\"elementor-widget-container\">\n\t\t\t\t\t\t\t\t\t\t\t\t\t<img loading=\"lazy\" decoding=\"async\" width=\"360\" height=\"240\" src=\"https:\/\/www.vielsalm-tourisme.be\/fr\/wp-content\/uploads\/2021\/04\/voyage-trekking-blog-10-360x240.jpg\" class=\"attachment-hestia-blog size-hestia-blog wp-image-7847\" alt=\"\" \/>\t\t\t\t\t\t\t\t\t\t\t\t\t<\/div>\n\t\t\t\t<\/div>\n\t\t\t\t\t<\/div>\n\t\t<\/div>\n\t\t\t\t<div class=\"elementor-column elementor-col-50 elementor-top-column elementor-element elementor-element-f881c6d\" data-id=\"f881c6d\" data-element_type=\"column\">\n\t\t\t<div class=\"elementor-widget-wrap elementor-element-populated\">\n\t\t\t\t\t\t<div class=\"elementor-element elementor-element-5631267 elementor-widget elementor-widget-text-editor\" data-id=\"5631267\" data-element_type=\"widget\" data-widget_type=\"text-editor.default\">\n\t\t\t\t<div class=\"elementor-widget-container\">\n\t\t\t\t\t\t\t<p>\u2192 <span style=\"color: #ef562d;\"><strong>Balise\u00a0<\/strong><\/span>: vert-blanc-vert horizontal (avec l&#8217;inscription &#8220;sentier environnement&#8221;)<\/p><p>\u2192 <span style=\"color: #ef562d;\"><strong>Distance\u00a0<\/strong><\/span>: 7 km<\/p><p>\u2192 <span style=\"color: #ef562d;\"><strong>Difficult\u00e9<\/strong>\u00a0<\/span>: 2\/5<\/p><p>\u2192 <span style=\"color: #ef562d;\"><strong>Brochure <\/strong><\/span>: en vente au SI de Vielsalm \u00e0 3\u20ac ou<a href=\"https:\/\/www.vielsalm-tourisme.be\/fr\/index.php\/nos-brochures\/\"> <span style=\"text-decoration: underline;\">en ligne<\/span><\/a><span style=\"text-decoration: underline;\"><\/span><\/p>\t\t\t\t\t\t<\/div>\n\t\t\t\t<\/div>\n\t\t\t\t\t<\/div>\n\t\t<\/div>\n\t\t\t\t\t<\/div>\n\t\t<\/section>\n\t\t\t\t<section class=\"elementor-section elementor-top-section elementor-element elementor-element-cb02292 elementor-section-stretched elementor-section-boxed elementor-section-height-default elementor-section-height-default\" data-id=\"cb02292\" data-element_type=\"section\" data-settings=\"{&quot;stretch_section&quot;:&quot;section-stretched&quot;}\">\n\t\t\t\t\t\t<div class=\"elementor-container elementor-column-gap-default\">\n\t\t\t\t\t<div class=\"elementor-column elementor-col-100 elementor-top-column elementor-element elementor-element-3efc48a\" data-id=\"3efc48a\" data-element_type=\"column\">\n\t\t\t<div class=\"elementor-widget-wrap elementor-element-populated\">\n\t\t\t\t\t\t<div class=\"elementor-element elementor-element-ddf1abf elementor-widget elementor-widget-text-editor\" data-id=\"ddf1abf\" data-element_type=\"widget\" data-widget_type=\"text-editor.default\">\n\t\t\t\t<div class=\"elementor-widget-container\">\n\t\t\t\t\t\t\t<p>Vous vous interrogez sur le fonctionnement de la nature et vous souhaitez la conna\u00eetre d\u2019un peu plus pr\u00e8s? Pourquoi les ronces ont-elles des \u00e9pines? Comment s\u2019organise une fourmili\u00e8re? Pourquoi la r\u00e9sine de pin colle-t-elle? Alors suivez le sentier de 7 km, r\u00e9pondez \u00e0 ces questions en famille et d\u00e9couvrez, tout en vous amusant, la flore, la faune et la g\u00e9ologie salmiennes.<\/p>\t\t\t\t\t\t<\/div>\n\t\t\t\t<\/div>\n\t\t\t\t\t<\/div>\n\t\t<\/div>\n\t\t\t\t\t<\/div>\n\t\t<\/section>\n\t\t\t\t<section class=\"elementor-section elementor-top-section elementor-element elementor-element-73a61eb elementor-section-stretched elementor-section-boxed elementor-section-height-default elementor-section-height-default\" data-id=\"73a61eb\" data-element_type=\"section\" data-settings=\"{&quot;stretch_section&quot;:&quot;section-stretched&quot;}\">\n\t\t\t\t\t\t<div class=\"elementor-container elementor-column-gap-default\">\n\t\t\t\t\t<div class=\"elementor-column elementor-col-100 elementor-top-column elementor-element elementor-element-7193cfd\" data-id=\"7193cfd\" data-element_type=\"column\">\n\t\t\t<div class=\"elementor-widget-wrap elementor-element-populated\">\n\t\t\t\t\t\t<div class=\"elementor-element elementor-element-4c966d5 elementor-widget elementor-widget-heading\" data-id=\"4c966d5\" data-element_type=\"widget\" data-widget_type=\"heading.default\">\n\t\t\t\t<div class=\"elementor-widget-container\">\n\t\t\t<h2 class=\"elementor-heading-title elementor-size-default\">Mai 40: sur les traces des Chasseurs Ardennais<\/h2>\t\t<\/div>\n\t\t\t\t<\/div>\n\t\t\t\t\t<\/div>\n\t\t<\/div>\n\t\t\t\t\t<\/div>\n\t\t<\/section>\n\t\t\t\t<section class=\"elementor-section elementor-top-section elementor-element elementor-element-03718aa elementor-section-stretched elementor-section-boxed elementor-section-height-default elementor-section-height-default\" data-id=\"03718aa\" data-element_type=\"section\" data-settings=\"{&quot;stretch_section&quot;:&quot;section-stretched&quot;}\">\n\t\t\t\t\t\t<div class=\"elementor-container elementor-column-gap-default\">\n\t\t\t\t\t<div class=\"elementor-column elementor-col-50 elementor-top-column elementor-element elementor-element-7e781a4\" data-id=\"7e781a4\" data-element_type=\"column\">\n\t\t\t<div class=\"elementor-widget-wrap elementor-element-populated\">\n\t\t\t\t\t\t<div class=\"elementor-element elementor-element-2662831 elementor-widget elementor-widget-image\" data-id=\"2662831\" data-element_type=\"widget\" data-widget_type=\"image.default\">\n\t\t\t\t<div class=\"elementor-widget-container\">\n\t\t\t\t\t\t\t\t\t\t\t\t\t<img loading=\"lazy\" decoding=\"async\" width=\"360\" height=\"240\" src=\"https:\/\/www.vielsalm-tourisme.be\/fr\/wp-content\/uploads\/2019\/05\/chasseursardennais_mai40-360x240.jpg\" class=\"attachment-hestia-blog size-hestia-blog wp-image-5979\" alt=\"\" srcset=\"https:\/\/www.vielsalm-tourisme.be\/fr\/wp-content\/uploads\/2019\/05\/chasseursardennais_mai40-360x240.jpg 360w, https:\/\/www.vielsalm-tourisme.be\/fr\/wp-content\/uploads\/2019\/05\/chasseursardennais_mai40-300x200.jpg 300w, https:\/\/www.vielsalm-tourisme.be\/fr\/wp-content\/uploads\/2019\/05\/chasseursardennais_mai40-768x512.jpg 768w, https:\/\/www.vielsalm-tourisme.be\/fr\/wp-content\/uploads\/2019\/05\/chasseursardennais_mai40.jpg 1024w\" sizes=\"(max-width: 360px) 100vw, 360px\" \/>\t\t\t\t\t\t\t\t\t\t\t\t\t<\/div>\n\t\t\t\t<\/div>\n\t\t\t\t\t<\/div>\n\t\t<\/div>\n\t\t\t\t<div class=\"elementor-column elementor-col-50 elementor-top-column elementor-element elementor-element-c489e82\" data-id=\"c489e82\" data-element_type=\"column\">\n\t\t\t<div class=\"elementor-widget-wrap elementor-element-populated\">\n\t\t\t\t\t\t<div class=\"elementor-element elementor-element-311f70c elementor-widget elementor-widget-text-editor\" data-id=\"311f70c\" data-element_type=\"widget\" data-widget_type=\"text-editor.default\">\n\t\t\t\t<div class=\"elementor-widget-container\">\n\t\t\t\t\t\t\t<p>\u2192 <span style=\"color: #ef562d;\"><strong>Balise\u00a0<\/strong><\/span>: aucune<\/p><p>\u2192 <span style=\"color: #ef562d;\"><strong>Distance\u00a0<\/strong><\/span>: 7 km<\/p><p>\u2192 <span style=\"color: #ef562d;\"><strong>Difficult\u00e9<\/strong>\u00a0<\/span>: 2\/5<\/p><p>\u2192 <span style=\"color: #ef562d;\"><strong>Brochure <\/strong><\/span>: en vente au SI de Vielsalm \u00e0 2\u20ac ou<a href=\"https:\/\/www.vielsalm-tourisme.be\/fr\/index.php\/nos-brochures\/\"> <span style=\"text-decoration: underline;\">en ligne<\/span><\/a><span style=\"text-decoration: underline;\"><\/span><\/p>\t\t\t\t\t\t<\/div>\n\t\t\t\t<\/div>\n\t\t\t\t\t<\/div>\n\t\t<\/div>\n\t\t\t\t\t<\/div>\n\t\t<\/section>\n\t\t\t\t<section class=\"elementor-section elementor-top-section elementor-element elementor-element-6155caa elementor-section-stretched elementor-section-boxed elementor-section-height-default elementor-section-height-default\" data-id=\"6155caa\" data-element_type=\"section\" data-settings=\"{&quot;stretch_section&quot;:&quot;section-stretched&quot;}\">\n\t\t\t\t\t\t<div class=\"elementor-container elementor-column-gap-default\">\n\t\t\t\t\t<div class=\"elementor-column elementor-col-100 elementor-top-column elementor-element elementor-element-9d7f442\" data-id=\"9d7f442\" data-element_type=\"column\">\n\t\t\t<div class=\"elementor-widget-wrap elementor-element-populated\">\n\t\t\t\t\t\t<div class=\"elementor-element elementor-element-962ba9b elementor-widget elementor-widget-text-editor\" data-id=\"962ba9b\" data-element_type=\"widget\" data-widget_type=\"text-editor.default\">\n\t\t\t\t<div class=\"elementor-widget-container\">\n\t\t\t\t\t\t\t<p>Mai 1940, l\u2019invasion nazie commence, les troupes allemandes franchissent la fronti\u00e8re et se ruent vers l\u2019ouest. Ici en Ardenne, leur progression va \u00eatre contrari\u00e9e. La raison: ils vont se trouver face \u00e0 un r\u00e9giment compos\u00e9 d\u2019hommes tenaces et t\u00eatus, connaissant bien les vall\u00e9es et for\u00eats de leur r\u00e9gion: Les Chasseurs Ardennais. Ce circuit vous emm\u00e8ne sur les traces de ces soldats, qui fid\u00e8les \u00e0 leur devise \u00ab R\u00e9siste et Mords \u00bb ont rempli leur mission avec succ\u00e8s et bravoure: retarder la progression de l\u2019ennemi \u2026<\/p>\t\t\t\t\t\t<\/div>\n\t\t\t\t<\/div>\n\t\t\t\t\t<\/div>\n\t\t<\/div>\n\t\t\t\t\t<\/div>\n\t\t<\/section>\n\t\t\t\t<section class=\"elementor-section elementor-top-section elementor-element elementor-element-d0d38c8 elementor-section-stretched elementor-section-boxed elementor-section-height-default elementor-section-height-default\" data-id=\"d0d38c8\" data-element_type=\"section\" data-settings=\"{&quot;stretch_section&quot;:&quot;section-stretched&quot;}\">\n\t\t\t\t\t\t<div class=\"elementor-container elementor-column-gap-default\">\n\t\t\t\t\t<div class=\"elementor-column elementor-col-100 elementor-top-column elementor-element elementor-element-c9a55fd\" data-id=\"c9a55fd\" data-element_type=\"column\">\n\t\t\t<div class=\"elementor-widget-wrap elementor-element-populated\">\n\t\t\t\t\t\t<div class=\"elementor-element elementor-element-bc1c08e elementor-widget elementor-widget-heading\" data-id=\"bc1c08e\" data-element_type=\"widget\" data-widget_type=\"heading.default\">\n\t\t\t\t<div class=\"elementor-widget-container\">\n\t\t\t<h2 class=\"elementor-heading-title elementor-size-default\">Promenade n\u00b01<\/h2>\t\t<\/div>\n\t\t\t\t<\/div>\n\t\t\t\t\t<\/div>\n\t\t<\/div>\n\t\t\t\t\t<\/div>\n\t\t<\/section>\n\t\t\t\t<section class=\"elementor-section elementor-top-section elementor-element elementor-element-8b9f650 elementor-section-stretched elementor-section-boxed elementor-section-height-default elementor-section-height-default\" data-id=\"8b9f650\" data-element_type=\"section\" data-settings=\"{&quot;stretch_section&quot;:&quot;section-stretched&quot;}\">\n\t\t\t\t\t\t<div class=\"elementor-container elementor-column-gap-default\">\n\t\t\t\t\t<div class=\"elementor-column elementor-col-50 elementor-top-column elementor-element elementor-element-87f081f\" data-id=\"87f081f\" data-element_type=\"column\">\n\t\t\t<div class=\"elementor-widget-wrap elementor-element-populated\">\n\t\t\t\t\t\t<div class=\"elementor-element elementor-element-784d9ca elementor-widget elementor-widget-image\" data-id=\"784d9ca\" data-element_type=\"widget\" data-widget_type=\"image.default\">\n\t\t\t\t<div class=\"elementor-widget-container\">\n\t\t\t\t\t\t\t\t\t\t\t\t\t<img loading=\"lazy\" decoding=\"async\" width=\"360\" height=\"240\" src=\"https:\/\/www.vielsalm-tourisme.be\/fr\/wp-content\/uploads\/2021\/04\/Promenade-rouge-Vielsalm-Le-Rond-Ch\u00acne-2-360x240.jpg\" class=\"attachment-hestia-blog size-hestia-blog wp-image-7839\" alt=\"\" \/>\t\t\t\t\t\t\t\t\t\t\t\t\t<\/div>\n\t\t\t\t<\/div>\n\t\t\t\t\t<\/div>\n\t\t<\/div>\n\t\t\t\t<div class=\"elementor-column elementor-col-50 elementor-top-column elementor-element elementor-element-f0fb1b8\" data-id=\"f0fb1b8\" data-element_type=\"column\">\n\t\t\t<div class=\"elementor-widget-wrap elementor-element-populated\">\n\t\t\t\t\t\t<div class=\"elementor-element elementor-element-4acf8d8 elementor-widget elementor-widget-text-editor\" data-id=\"4acf8d8\" data-element_type=\"widget\" data-widget_type=\"text-editor.default\">\n\t\t\t\t<div class=\"elementor-widget-container\">\n\t\t\t\t\t\t\t<p>\u2192 <span style=\"color: #ef562d;\"><strong>Balise\u00a0<\/strong><\/span>: losange rouge\u00a0<\/p><p>\u2192 <span style=\"color: #ef562d;\"><strong>Distance\u00a0<\/strong><\/span>: 13 km<\/p><p>\u2192 <span style=\"color: #ef562d;\"><strong>Panorama<\/strong><\/span>\u00a0: 3\/5<\/p><p>\u2192 <span style=\"color: #ef562d;\"><strong>Difficult\u00e9<\/strong><\/span>\u00a0: 2\/5<\/p><p>\u2192 <strong><span style=\"color: #ef562d;\">D\u00e9nivel\u00e9<\/span><\/strong>\u00a0: 185 m positif<\/p><p><\/p>\t\t\t\t\t\t<\/div>\n\t\t\t\t<\/div>\n\t\t\t\t\t<\/div>\n\t\t<\/div>\n\t\t\t\t\t<\/div>\n\t\t<\/section>\n\t\t\t\t<section class=\"elementor-section elementor-top-section elementor-element elementor-element-f0efef1 elementor-section-stretched elementor-section-boxed elementor-section-height-default elementor-section-height-default\" data-id=\"f0efef1\" data-element_type=\"section\" data-settings=\"{&quot;stretch_section&quot;:&quot;section-stretched&quot;}\">\n\t\t\t\t\t\t<div class=\"elementor-container elementor-column-gap-default\">\n\t\t\t\t\t<div class=\"elementor-column elementor-col-100 elementor-top-column elementor-element elementor-element-fe83c16\" data-id=\"fe83c16\" data-element_type=\"column\">\n\t\t\t<div class=\"elementor-widget-wrap elementor-element-populated\">\n\t\t\t\t\t\t<div class=\"elementor-element elementor-element-8260acf elementor-widget elementor-widget-text-editor\" data-id=\"8260acf\" data-element_type=\"widget\" data-widget_type=\"text-editor.default\">\n\t\t\t\t<div class=\"elementor-widget-container\">\n\t\t\t\t\t\t\t<p style=\"text-align: justify;\">Cette balade vous emm\u00e8ne en direction de Petit-Thier. Table de pique-nique accessible au Rond Ch\u00eane (au km 3), cet arbre remarquable, un ch\u00eane p\u00e9doncul\u00e9 constitue un vestige de la grande for\u00eat qui existait au 18<sup>\u00e8me<\/sup> si\u00e8cle. Une fois arriv\u00e9 \u00e0 Petit-Thier, vous revenez par le village de Ville-du-Bois, o\u00f9 vous pourrez observer quelques vieilles maisons qui poss\u00e8dent des \u00e9l\u00e9ments du 17<sup>\u00e8me<\/sup> si\u00e8cle. A l\u2019approche de Vielsalm, vous apercevrez un site rocheux (en quartzite), le lieu-dit \u00ab\u00a0Tiennemesse\u00a0\u00bb o\u00f9 les Macralles c\u00e9l\u00e8brent leur Sabbat le 20 juillet.<\/p>\t\t\t\t\t\t<\/div>\n\t\t\t\t<\/div>\n\t\t\t\t\t<\/div>\n\t\t<\/div>\n\t\t\t\t\t<\/div>\n\t\t<\/section>\n\t\t\t\t<section class=\"elementor-section elementor-top-section elementor-element elementor-element-bac85fd elementor-section-stretched elementor-section-boxed elementor-section-height-default elementor-section-height-default\" data-id=\"bac85fd\" data-element_type=\"section\" data-settings=\"{&quot;stretch_section&quot;:&quot;section-stretched&quot;}\">\n\t\t\t\t\t\t<div class=\"elementor-container elementor-column-gap-default\">\n\t\t\t\t\t<div class=\"elementor-column elementor-col-100 elementor-top-column elementor-element elementor-element-deea365\" data-id=\"deea365\" data-element_type=\"column\">\n\t\t\t<div class=\"elementor-widget-wrap elementor-element-populated\">\n\t\t\t\t\t\t<div class=\"elementor-element elementor-element-8058bce elementor-widget elementor-widget-heading\" data-id=\"8058bce\" data-element_type=\"widget\" data-widget_type=\"heading.default\">\n\t\t\t\t<div class=\"elementor-widget-container\">\n\t\t\t<h2 class=\"elementor-heading-title elementor-size-default\">Promenade n\u00b02<\/h2>\t\t<\/div>\n\t\t\t\t<\/div>\n\t\t\t\t\t<\/div>\n\t\t<\/div>\n\t\t\t\t\t<\/div>\n\t\t<\/section>\n\t\t\t\t<section class=\"elementor-section elementor-top-section elementor-element elementor-element-7c274f0 elementor-section-stretched elementor-section-boxed elementor-section-height-default elementor-section-height-default\" data-id=\"7c274f0\" data-element_type=\"section\" data-settings=\"{&quot;stretch_section&quot;:&quot;section-stretched&quot;}\">\n\t\t\t\t\t\t<div class=\"elementor-container elementor-column-gap-default\">\n\t\t\t\t\t<div class=\"elementor-column elementor-col-50 elementor-top-column elementor-element elementor-element-bf23162\" data-id=\"bf23162\" data-element_type=\"column\">\n\t\t\t<div class=\"elementor-widget-wrap elementor-element-populated\">\n\t\t\t\t\t\t<div class=\"elementor-element elementor-element-bc563a5 elementor-widget elementor-widget-image\" data-id=\"bc563a5\" data-element_type=\"widget\" data-widget_type=\"image.default\">\n\t\t\t\t<div class=\"elementor-widget-container\">\n\t\t\t\t\t\t\t\t\t\t\t\t\t<img loading=\"lazy\" decoding=\"async\" width=\"360\" height=\"240\" src=\"https:\/\/www.vielsalm-tourisme.be\/fr\/wp-content\/uploads\/2021\/04\/Vielsalm-Trekking-et-Voyage-214-360x240.jpg\" class=\"attachment-hestia-blog size-hestia-blog wp-image-7852\" alt=\"\" srcset=\"https:\/\/www.vielsalm-tourisme.be\/fr\/wp-content\/uploads\/2021\/04\/Vielsalm-Trekking-et-Voyage-214-360x240.jpg 360w, https:\/\/www.vielsalm-tourisme.be\/fr\/wp-content\/uploads\/2021\/04\/Vielsalm-Trekking-et-Voyage-214-300x200.jpg 300w, https:\/\/www.vielsalm-tourisme.be\/fr\/wp-content\/uploads\/2021\/04\/Vielsalm-Trekking-et-Voyage-214-768x512.jpg 768w, https:\/\/www.vielsalm-tourisme.be\/fr\/wp-content\/uploads\/2021\/04\/Vielsalm-Trekking-et-Voyage-214-1024x683.jpg 1024w\" sizes=\"(max-width: 360px) 100vw, 360px\" \/>\t\t\t\t\t\t\t\t\t\t\t\t\t<\/div>\n\t\t\t\t<\/div>\n\t\t\t\t\t<\/div>\n\t\t<\/div>\n\t\t\t\t<div class=\"elementor-column elementor-col-50 elementor-top-column elementor-element elementor-element-ebe32f3\" data-id=\"ebe32f3\" data-element_type=\"column\">\n\t\t\t<div class=\"elementor-widget-wrap elementor-element-populated\">\n\t\t\t\t\t\t<div class=\"elementor-element elementor-element-1a2b4d2 elementor-widget elementor-widget-text-editor\" data-id=\"1a2b4d2\" data-element_type=\"widget\" data-widget_type=\"text-editor.default\">\n\t\t\t\t<div class=\"elementor-widget-container\">\n\t\t\t\t\t\t\t<p>\u2192 <span style=\"color: #ef562d;\"><strong>Balise\u00a0<\/strong><\/span>: losange vert <\/p><p>\u2192 <span style=\"color: #ef562d;\"><strong>Distance\u00a0<\/strong><\/span>: 13 km<\/p><p>\u2192 <span style=\"color: #ef562d;\"><strong>Panorama<\/strong><\/span>\u00a0: 4\/5<\/p><p>\u2192 <span style=\"color: #ef562d;\"><strong>Difficult\u00e9<\/strong><\/span>\u00a0: 3\/5<\/p><p>\u2192 <strong><span style=\"color: #ef562d;\">D\u00e9nivel\u00e9<\/span><\/strong>\u00a0: 185 m positif<\/p>\t\t\t\t\t\t<\/div>\n\t\t\t\t<\/div>\n\t\t\t\t\t<\/div>\n\t\t<\/div>\n\t\t\t\t\t<\/div>\n\t\t<\/section>\n\t\t\t\t<section class=\"elementor-section elementor-top-section elementor-element elementor-element-0df09bb elementor-section-stretched elementor-section-boxed elementor-section-height-default elementor-section-height-default\" data-id=\"0df09bb\" data-element_type=\"section\" data-settings=\"{&quot;stretch_section&quot;:&quot;section-stretched&quot;}\">\n\t\t\t\t\t\t<div class=\"elementor-container elementor-column-gap-default\">\n\t\t\t\t\t<div class=\"elementor-column elementor-col-100 elementor-top-column elementor-element elementor-element-d667f59\" data-id=\"d667f59\" data-element_type=\"column\">\n\t\t\t<div class=\"elementor-widget-wrap elementor-element-populated\">\n\t\t\t\t\t\t<div class=\"elementor-element elementor-element-a636d61 elementor-widget elementor-widget-text-editor\" data-id=\"a636d61\" data-element_type=\"widget\" data-widget_type=\"text-editor.default\">\n\t\t\t\t<div class=\"elementor-widget-container\">\n\t\t\t\t\t\t\t<p style=\"text-align: justify;\">\u00c0 Cahay, vous pouvez observer une carri\u00e8re de schiste ardoisier ou phyllade. Cette roche repr\u00e9sente un stade d\u2019\u00e9volution bien pr\u00e9cis des roches argileuses\u00a0: l\u2019argile, par perte d\u2019eau, devient un schiste se d\u00e9bitant en feuillets minces. L\u2019aptitude du phyllade \u00e0 se d\u00e9biter en feuillets ainsi que sa bonne r\u00e9sistance aux intemp\u00e9ries sont \u00e0 l\u2019origine de son exploitation intensive pour la cr\u00e9ation d\u2019ardoises. A So B\u00eachefa, on remarque de grandes cavit\u00e9s qui sont en fait d\u2019anciennes carri\u00e8res d\u2019arkose. Au km 8, Burtonville est l\u2019un des hameaux les plus pittoresques de la r\u00e9gion. Un recensement des \u00ab\u00a0manufactures\u00a0\u00bb du comt\u00e9 de Salm en 1766 fait \u00e9tat de la vitalit\u00e9 de ce village, on y d\u00e9nombrait\u00a0: une tannerie, un moulin \u00e0 moudre les \u00e9corces de ch\u00eane et une fabrique de potasse.<\/p>\t\t\t\t\t\t<\/div>\n\t\t\t\t<\/div>\n\t\t\t\t\t<\/div>\n\t\t<\/div>\n\t\t\t\t\t<\/div>\n\t\t<\/section>\n\t\t\t\t<section class=\"elementor-section elementor-top-section elementor-element elementor-element-34f53d1 elementor-section-stretched elementor-section-boxed elementor-section-height-default elementor-section-height-default\" data-id=\"34f53d1\" data-element_type=\"section\" data-settings=\"{&quot;stretch_section&quot;:&quot;section-stretched&quot;}\">\n\t\t\t\t\t\t<div class=\"elementor-container elementor-column-gap-default\">\n\t\t\t\t\t<div class=\"elementor-column elementor-col-100 elementor-top-column elementor-element elementor-element-a3fc01b\" data-id=\"a3fc01b\" data-element_type=\"column\">\n\t\t\t<div class=\"elementor-widget-wrap elementor-element-populated\">\n\t\t\t\t\t\t<div class=\"elementor-element elementor-element-e774f25 elementor-widget elementor-widget-heading\" data-id=\"e774f25\" data-element_type=\"widget\" data-widget_type=\"heading.default\">\n\t\t\t\t<div class=\"elementor-widget-container\">\n\t\t\t<h2 class=\"elementor-heading-title elementor-size-default\">Promenade n\u00b03<\/h2>\t\t<\/div>\n\t\t\t\t<\/div>\n\t\t\t\t\t<\/div>\n\t\t<\/div>\n\t\t\t\t\t<\/div>\n\t\t<\/section>\n\t\t\t\t<section class=\"elementor-section elementor-top-section elementor-element elementor-element-6231663 elementor-section-stretched elementor-section-boxed elementor-section-height-default elementor-section-height-default\" data-id=\"6231663\" data-element_type=\"section\" data-settings=\"{&quot;stretch_section&quot;:&quot;section-stretched&quot;}\">\n\t\t\t\t\t\t<div class=\"elementor-container elementor-column-gap-default\">\n\t\t\t\t\t<div class=\"elementor-column elementor-col-50 elementor-top-column elementor-element elementor-element-fb2105c\" data-id=\"fb2105c\" data-element_type=\"column\">\n\t\t\t<div class=\"elementor-widget-wrap elementor-element-populated\">\n\t\t\t\t\t\t<div class=\"elementor-element elementor-element-80201d6 elementor-widget elementor-widget-image\" data-id=\"80201d6\" data-element_type=\"widget\" data-widget_type=\"image.default\">\n\t\t\t\t<div class=\"elementor-widget-container\">\n\t\t\t\t\t\t\t\t\t\t\t\t\t<img loading=\"lazy\" decoding=\"async\" width=\"360\" height=\"240\" src=\"https:\/\/www.vielsalm-tourisme.be\/fr\/wp-content\/uploads\/2021\/04\/Sentier-didactique-La-nature-en-questions-8-360x240.jpg\" class=\"attachment-hestia-blog size-hestia-blog wp-image-7853\" alt=\"\" \/>\t\t\t\t\t\t\t\t\t\t\t\t\t<\/div>\n\t\t\t\t<\/div>\n\t\t\t\t\t<\/div>\n\t\t<\/div>\n\t\t\t\t<div class=\"elementor-column elementor-col-50 elementor-top-column elementor-element elementor-element-9f6cc51\" data-id=\"9f6cc51\" data-element_type=\"column\">\n\t\t\t<div class=\"elementor-widget-wrap elementor-element-populated\">\n\t\t\t\t\t\t<div class=\"elementor-element elementor-element-ab44255 elementor-widget elementor-widget-text-editor\" data-id=\"ab44255\" data-element_type=\"widget\" data-widget_type=\"text-editor.default\">\n\t\t\t\t<div class=\"elementor-widget-container\">\n\t\t\t\t\t\t\t<p>\u2192 <span style=\"color: #ef562d;\"><strong>Balise\u00a0<\/strong><\/span>: losange jaune<\/p><p>\u2192 <span style=\"color: #ef562d;\"><strong>Distance\u00a0<\/strong><\/span>: 11 km<\/p><p>\u2192 <span style=\"color: #ef562d;\"><strong>Panorama<\/strong><\/span>\u00a0: 3\/5<\/p><p>\u2192 <span style=\"color: #ef562d;\"><strong>Difficult\u00e9<\/strong><\/span>\u00a0: 2\/5<\/p><p>\u2192 <strong><span style=\"color: #ef562d;\">D\u00e9nivel\u00e9<\/span><\/strong>\u00a0: 125 m positif<\/p>\t\t\t\t\t\t<\/div>\n\t\t\t\t<\/div>\n\t\t\t\t\t<\/div>\n\t\t<\/div>\n\t\t\t\t\t<\/div>\n\t\t<\/section>\n\t\t\t\t<section class=\"elementor-section elementor-top-section elementor-element elementor-element-bb97842 elementor-section-stretched elementor-section-boxed elementor-section-height-default elementor-section-height-default\" data-id=\"bb97842\" data-element_type=\"section\" data-settings=\"{&quot;stretch_section&quot;:&quot;section-stretched&quot;}\">\n\t\t\t\t\t\t<div class=\"elementor-container elementor-column-gap-default\">\n\t\t\t\t\t<div class=\"elementor-column elementor-col-100 elementor-top-column elementor-element elementor-element-641ecc1\" data-id=\"641ecc1\" data-element_type=\"column\">\n\t\t\t<div class=\"elementor-widget-wrap elementor-element-populated\">\n\t\t\t\t\t\t<div class=\"elementor-element elementor-element-bde64e4 elementor-widget elementor-widget-text-editor\" data-id=\"bde64e4\" data-element_type=\"widget\" data-widget_type=\"text-editor.default\">\n\t\t\t\t<div class=\"elementor-widget-container\">\n\t\t\t\t\t\t\t<p style=\"text-align: justify;\">Au km 2, vous empruntez un sentier qui vous emm\u00e8ne dans la for\u00eat du Bonalfa, d\u2019o\u00f9 vous pourrez rapidement admirez un magnifique panorama\u00a0 sur Vielsalm et son plan d\u2019eau. Au km 5, le village de la Comt\u00e9 a su conserver son caract\u00e8re ancien. La travers\u00e9e de Provedroux vous fera admirer quelques b\u00e2timents anciens tels que le ch\u00e2teau, l\u2019\u00e9glise, l\u2019\u00e9cole, la ferme Gesnot au n\u00b018. A Salmch\u00e2teau, se trouvent les restes du second ch\u00e2teau des Comtes de Salm, il fut construit \u00e0 cet emplacement entre 1307 et 1362 et rempla\u00e7a le premier ch\u00e2teau construit \u00e0 Vielsalm. Ceci explique l\u2019origine du nom Vielsalm \u00ab\u00a0Vieil Salm\u00a0\u00bb.<\/p>\t\t\t\t\t\t<\/div>\n\t\t\t\t<\/div>\n\t\t\t\t\t<\/div>\n\t\t<\/div>\n\t\t\t\t\t<\/div>\n\t\t<\/section>\n\t\t\t\t<section class=\"elementor-section elementor-top-section elementor-element elementor-element-6fe1036 elementor-section-stretched elementor-section-boxed elementor-section-height-default elementor-section-height-default\" data-id=\"6fe1036\" data-element_type=\"section\" data-settings=\"{&quot;stretch_section&quot;:&quot;section-stretched&quot;}\">\n\t\t\t\t\t\t<div class=\"elementor-container elementor-column-gap-default\">\n\t\t\t\t\t<div class=\"elementor-column elementor-col-100 elementor-top-column elementor-element elementor-element-b5c1472\" data-id=\"b5c1472\" data-element_type=\"column\">\n\t\t\t<div class=\"elementor-widget-wrap elementor-element-populated\">\n\t\t\t\t\t\t<div class=\"elementor-element elementor-element-f5fd746 elementor-widget elementor-widget-heading\" data-id=\"f5fd746\" data-element_type=\"widget\" data-widget_type=\"heading.default\">\n\t\t\t\t<div class=\"elementor-widget-container\">\n\t\t\t<h2 class=\"elementor-heading-title elementor-size-default\">Promenade n\u00b04<\/h2>\t\t<\/div>\n\t\t\t\t<\/div>\n\t\t\t\t\t<\/div>\n\t\t<\/div>\n\t\t\t\t\t<\/div>\n\t\t<\/section>\n\t\t\t\t<section class=\"elementor-section elementor-top-section elementor-element elementor-element-a9b21d5 elementor-section-stretched elementor-section-boxed elementor-section-height-default elementor-section-height-default\" data-id=\"a9b21d5\" data-element_type=\"section\" data-settings=\"{&quot;stretch_section&quot;:&quot;section-stretched&quot;}\">\n\t\t\t\t\t\t<div class=\"elementor-container elementor-column-gap-default\">\n\t\t\t\t\t<div class=\"elementor-column elementor-col-50 elementor-top-column elementor-element elementor-element-9908d88\" data-id=\"9908d88\" data-element_type=\"column\">\n\t\t\t<div class=\"elementor-widget-wrap elementor-element-populated\">\n\t\t\t\t\t\t<div class=\"elementor-element elementor-element-9a447be elementor-widget elementor-widget-image\" data-id=\"9a447be\" data-element_type=\"widget\" data-widget_type=\"image.default\">\n\t\t\t\t<div class=\"elementor-widget-container\">\n\t\t\t\t\t\t\t\t\t\t\t\t\t<img loading=\"lazy\" decoding=\"async\" width=\"360\" height=\"240\" src=\"https:\/\/www.vielsalm-tourisme.be\/fr\/wp-content\/uploads\/2021\/04\/Promenade-Bleu-Vielsalm-Goronne-vers-Bonalfa-11-360x240.jpg\" class=\"attachment-hestia-blog size-hestia-blog wp-image-7854\" alt=\"\" \/>\t\t\t\t\t\t\t\t\t\t\t\t\t<\/div>\n\t\t\t\t<\/div>\n\t\t\t\t\t<\/div>\n\t\t<\/div>\n\t\t\t\t<div class=\"elementor-column elementor-col-50 elementor-top-column elementor-element elementor-element-4944915\" data-id=\"4944915\" data-element_type=\"column\">\n\t\t\t<div class=\"elementor-widget-wrap elementor-element-populated\">\n\t\t\t\t\t\t<div class=\"elementor-element elementor-element-459c76b elementor-widget elementor-widget-text-editor\" data-id=\"459c76b\" data-element_type=\"widget\" data-widget_type=\"text-editor.default\">\n\t\t\t\t<div class=\"elementor-widget-container\">\n\t\t\t\t\t\t\t<p>\u2192 <span style=\"color: #ef562d;\"><strong>Balise\u00a0<\/strong><\/span>: losange bleu<\/p><p>\u2192 <span style=\"color: #ef562d;\"><strong>Distance\u00a0<\/strong><\/span>: 12 km<\/p><p>\u2192 <span style=\"color: #ef562d;\"><strong>Panorama<\/strong><\/span>\u00a0: 2\/5<\/p><p>\u2192 <span style=\"color: #ef562d;\"><strong>Difficult\u00e9<\/strong><\/span>\u00a0: 1\/5<\/p><p>\u2192 <strong><span style=\"color: #ef562d;\">D\u00e9nivel\u00e9<\/span><\/strong>\u00a0: 75 m positif<\/p>\t\t\t\t\t\t<\/div>\n\t\t\t\t<\/div>\n\t\t\t\t\t<\/div>\n\t\t<\/div>\n\t\t\t\t\t<\/div>\n\t\t<\/section>\n\t\t\t\t<section class=\"elementor-section elementor-top-section elementor-element elementor-element-895eaa8 elementor-section-stretched elementor-section-boxed elementor-section-height-default elementor-section-height-default\" data-id=\"895eaa8\" data-element_type=\"section\" data-settings=\"{&quot;stretch_section&quot;:&quot;section-stretched&quot;}\">\n\t\t\t\t\t\t<div class=\"elementor-container elementor-column-gap-default\">\n\t\t\t\t\t<div class=\"elementor-column elementor-col-100 elementor-top-column elementor-element elementor-element-5d232bd\" data-id=\"5d232bd\" data-element_type=\"column\">\n\t\t\t<div class=\"elementor-widget-wrap elementor-element-populated\">\n\t\t\t\t\t\t<div class=\"elementor-element elementor-element-1720141 elementor-widget elementor-widget-text-editor\" data-id=\"1720141\" data-element_type=\"widget\" data-widget_type=\"text-editor.default\">\n\t\t\t\t<div class=\"elementor-widget-container\">\n\t\t\t\t\t\t\t<p>Au km 4,5, vous arrivez \u00e0 Goronne, on y d\u00e9couvre une \u00e9glise datant de 1864 qui renferme un mobilier int\u00e9ressant, notamment un autel datant de 1693 ainsi que plusieurs statues du 17\u00e8me si\u00e8cle. Vous rejoignez ensuite le site de Farni\u00e8res o\u00f9 se trouve une chapelle tr\u00e8s ancienne. La l\u00e9gende nous fait part de son histoire: un mendiant d\u00e9couvrit au pied d&#8217;un arbre une statue de la vierge. Il l&#8217;offrit au Seigneur de Rosister qui la pla\u00e7a dans la chapelle de son Ch\u00e2teau. Cependant, la statuette revenait obstin\u00e9ment \u00e0 l&#8217;endroit de sa d\u00e9couverte, le Seigneur comprit alors qu&#8217;il fallait y \u00e9difier une chapelle. Plus loin, les bois de Farni\u00e8res sont remarquables en ce qui concerne la vari\u00e9t\u00e9 des essences et la beaut\u00e9 de la for\u00eat.<\/p>\t\t\t\t\t\t<\/div>\n\t\t\t\t<\/div>\n\t\t\t\t\t<\/div>\n\t\t<\/div>\n\t\t\t\t\t<\/div>\n\t\t<\/section>\n\t\t\t\t<section class=\"elementor-section elementor-top-section elementor-element elementor-element-284d3b8 elementor-section-stretched elementor-section-boxed elementor-section-height-default elementor-section-height-default\" data-id=\"284d3b8\" data-element_type=\"section\" data-settings=\"{&quot;stretch_section&quot;:&quot;section-stretched&quot;}\">\n\t\t\t\t\t\t<div class=\"elementor-container elementor-column-gap-default\">\n\t\t\t\t\t<div class=\"elementor-column elementor-col-100 elementor-top-column elementor-element elementor-element-6770575\" data-id=\"6770575\" data-element_type=\"column\">\n\t\t\t<div class=\"elementor-widget-wrap elementor-element-populated\">\n\t\t\t\t\t\t<div class=\"elementor-element elementor-element-0984c3f elementor-widget elementor-widget-text-editor\" data-id=\"0984c3f\" data-element_type=\"widget\" data-widget_type=\"text-editor.default\">\n\t\t\t\t<div class=\"elementor-widget-container\">\n\t\t\t\t\t\t\t<p><span style=\"text-decoration: underline;\"><a href=\"https:\/\/www.vielsalm-tourisme.be\/fr\/\">Si ces balades vous ont plu, n&#8217;h\u00e9sitez pas \u00e0 visiter notre site pour plus d&#8217;infos sur Vielsalm, ceci n&#8217;\u00e9tait qu&#8217;un \u00e9chantillon.<\/a><\/span> <\/p>\t\t\t\t\t\t<\/div>\n\t\t\t\t<\/div>\n\t\t\t\t\t<\/div>\n\t\t<\/div>\n\t\t\t\t\t<\/div>\n\t\t<\/section>\n\t\t\t\t<\/div>\n\t\t","protected":false},"excerpt":{"rendered":"<p>8 balades au d\u00e9part de la gare de Vielsalm Quoi de mieux qu\u2019une agr\u00e9able promenade en Ardenne\u00a0? Vous n\u2019avez pas le temps de venir plusieurs jours \u00e0 Vielsalm\u00a0? Vous avez envie de vous changer les id\u00e9es, sans chichis\u00a0? Tout ce que vous avez \u00e0 faire, c\u2019est monter dans le train, [&hellip;]<\/p>\n","protected":false},"author":1,"featured_media":7858,"comment_status":"open","ping_status":"open","sticky":false,"template":"","format":"standard","meta":{"_monsterinsights_skip_tracking":false,"_monsterinsights_sitenote_active":false,"_monsterinsights_sitenote_note":"","_monsterinsights_sitenote_category":0,"footnotes":""},"categories":[13],"tags":[],"class_list":["post-7831","post","type-post","status-publish","format-standard","has-post-thumbnail","hentry","category-patrimoine"],"_links":{"self":[{"href":"https:\/\/www.vielsalm-tourisme.be\/fr\/index.php\/wp-json\/wp\/v2\/posts\/7831","targetHints":{"allow":["GET"]}}],"collection":[{"href":"https:\/\/www.vielsalm-tourisme.be\/fr\/index.php\/wp-json\/wp\/v2\/posts"}],"about":[{"href":"https:\/\/www.vielsalm-tourisme.be\/fr\/index.php\/wp-json\/wp\/v2\/types\/post"}],"author":[{"embeddable":true,"href":"https:\/\/www.vielsalm-tourisme.be\/fr\/index.php\/wp-json\/wp\/v2\/users\/1"}],"replies":[{"embeddable":true,"href":"https:\/\/www.vielsalm-tourisme.be\/fr\/index.php\/wp-json\/wp\/v2\/comments?post=7831"}],"version-history":[{"count":23,"href":"https:\/\/www.vielsalm-tourisme.be\/fr\/index.php\/wp-json\/wp\/v2\/posts\/7831\/revisions"}],"predecessor-version":[{"id":7867,"href":"https:\/\/www.vielsalm-tourisme.be\/fr\/index.php\/wp-json\/wp\/v2\/posts\/7831\/revisions\/7867"}],"wp:featuredmedia":[{"embeddable":true,"href":"https:\/\/www.vielsalm-tourisme.be\/fr\/index.php\/wp-json\/wp\/v2\/media\/7858"}],"wp:attachment":[{"href":"https:\/\/www.vielsalm-tourisme.be\/fr\/index.php\/wp-json\/wp\/v2\/media?parent=7831"}],"wp:term":[{"taxonomy":"category","embeddable":true,"href":"https:\/\/www.vielsalm-tourisme.be\/fr\/index.php\/wp-json\/wp\/v2\/categories?post=7831"},{"taxonomy":"post_tag","embeddable":true,"href":"https:\/\/www.vielsalm-tourisme.be\/fr\/index.php\/wp-json\/wp\/v2\/tags?post=7831"}],"curies":[{"name":"wp","href":"https:\/\/api.w.org\/{rel}","templated":true}]}}