{"id":7311,"date":"2020-07-24T11:53:08","date_gmt":"2020-07-24T09:53:08","guid":{"rendered":"https:\/\/www.vielsalm-tourisme.be\/fr\/?p=7311"},"modified":"2020-07-25T16:38:30","modified_gmt":"2020-07-25T14:38:30","slug":"sylvotherapie-comment-capter-lenergie-des-arbres","status":"publish","type":"post","link":"https:\/\/www.vielsalm-tourisme.be\/fr\/index.php\/2020\/07\/24\/sylvotherapie-comment-capter-lenergie-des-arbres\/","title":{"rendered":"Sylvoth\u00e9rapie : comment capter l\u2019\u00e9nergie des arbres ?"},"content":{"rendered":"\t\t<div data-elementor-type=\"wp-post\" data-elementor-id=\"7311\" class=\"elementor elementor-7311 elementor-bc-flex-widget\">\n\t\t\t\t\t\t<section class=\"elementor-section elementor-top-section elementor-element elementor-element-7409a7d elementor-section-boxed elementor-section-height-default elementor-section-height-default\" data-id=\"7409a7d\" data-element_type=\"section\">\n\t\t\t\t\t\t<div class=\"elementor-container elementor-column-gap-default\">\n\t\t\t\t\t<div class=\"elementor-column elementor-col-100 elementor-top-column elementor-element elementor-element-b32465f\" data-id=\"b32465f\" data-element_type=\"column\">\n\t\t\t<div class=\"elementor-widget-wrap elementor-element-populated\">\n\t\t\t\t\t\t<div class=\"elementor-element elementor-element-1a13cca elementor-widget elementor-widget-heading\" data-id=\"1a13cca\" data-element_type=\"widget\" data-widget_type=\"heading.default\">\n\t\t\t\t<div class=\"elementor-widget-container\">\n\t\t\t<h2 class=\"elementor-heading-title elementor-size-default\">Sylvoth\u00e9rapie : comment capter l\u2019\u00e9nergie des arbres ?<\/h2>\t\t<\/div>\n\t\t\t\t<\/div>\n\t\t\t\t\t<\/div>\n\t\t<\/div>\n\t\t\t\t\t<\/div>\n\t\t<\/section>\n\t\t\t\t<section class=\"elementor-section elementor-top-section elementor-element elementor-element-73df093 elementor-section-boxed elementor-section-height-default elementor-section-height-default\" data-id=\"73df093\" data-element_type=\"section\">\n\t\t\t\t\t\t<div class=\"elementor-container elementor-column-gap-default\">\n\t\t\t\t\t<div class=\"elementor-column elementor-col-100 elementor-top-column elementor-element elementor-element-9aad88b\" data-id=\"9aad88b\" data-element_type=\"column\">\n\t\t\t<div class=\"elementor-widget-wrap elementor-element-populated\">\n\t\t\t\t\t\t<div class=\"elementor-element elementor-element-cd8f22a elementor-widget elementor-widget-text-editor\" data-id=\"cd8f22a\" data-element_type=\"widget\" data-widget_type=\"text-editor.default\">\n\t\t\t\t<div class=\"elementor-widget-container\">\n\t\t\t\t\t\t\t<p style=\"text-align: justify;\">\u00ab\u00a0Shinrin Yoku\u00a0\u00bb ou bains de for\u00eat sont un des secrets de sant\u00e9 des Japonais. Ils marchent lentement, en conscience, pendant minimum 2 heures dans la for\u00eat.<\/p><p style=\"text-align: justify;\">D\u2019apr\u00e8s les chercheurs japonais, le contact avec le bois a de nombreux bienfaits\u00a0pour notre sant\u00e9\u00a0:<\/p><ul style=\"text-align: justify;\"><li>Baisse de la tension art\u00e9rielle<\/li><li>Am\u00e9lioration de la coh\u00e9rence cardiaque<\/li><li>Diminution du stress<\/li><li>Am\u00e9lioration du sommeil<\/li><li>Et tant d\u2019autres\u2026.<\/li><\/ul><p style=\"text-align: justify;\">Les effets b\u00e9n\u00e9fiques d\u2019une journ\u00e9e de sylvoth\u00e9rapie se prolongent pendant 5 jours et procurent une sensation de bien-\u00eatre g\u00e9n\u00e9ral. Notre organisme se synchronise avec les rythmes harmoniques de la nature. De plus, le silence de la for\u00eat facilite la reconnexion \u00e0 son calme int\u00e9rieur.<\/p>\t\t\t\t\t\t<\/div>\n\t\t\t\t<\/div>\n\t\t\t\t\t<\/div>\n\t\t<\/div>\n\t\t\t\t\t<\/div>\n\t\t<\/section>\n\t\t\t\t<section class=\"elementor-section elementor-top-section elementor-element elementor-element-9908912 elementor-section-boxed elementor-section-height-default elementor-section-height-default\" data-id=\"9908912\" data-element_type=\"section\">\n\t\t\t\t\t\t<div class=\"elementor-container elementor-column-gap-default\">\n\t\t\t\t\t<div class=\"elementor-column elementor-col-100 elementor-top-column elementor-element elementor-element-7e7a652\" data-id=\"7e7a652\" data-element_type=\"column\">\n\t\t\t<div class=\"elementor-widget-wrap elementor-element-populated\">\n\t\t\t\t\t\t<div class=\"elementor-element elementor-element-2b220ff elementor-widget elementor-widget-image\" data-id=\"2b220ff\" data-element_type=\"widget\" data-widget_type=\"image.default\">\n\t\t\t\t<div class=\"elementor-widget-container\">\n\t\t\t\t\t\t\t\t\t\t\t\t\t<img fetchpriority=\"high\" decoding=\"async\" width=\"750\" height=\"500\" src=\"https:\/\/www.vielsalm-tourisme.be\/fr\/wp-content\/uploads\/2020\/07\/sylvotherapie.jpg\" class=\"attachment-large size-large wp-image-7312\" alt=\"\" srcset=\"https:\/\/www.vielsalm-tourisme.be\/fr\/wp-content\/uploads\/2020\/07\/sylvotherapie.jpg 960w, https:\/\/www.vielsalm-tourisme.be\/fr\/wp-content\/uploads\/2020\/07\/sylvotherapie-300x200.jpg 300w, https:\/\/www.vielsalm-tourisme.be\/fr\/wp-content\/uploads\/2020\/07\/sylvotherapie-768x512.jpg 768w, https:\/\/www.vielsalm-tourisme.be\/fr\/wp-content\/uploads\/2020\/07\/sylvotherapie-360x240.jpg 360w\" sizes=\"(max-width: 750px) 100vw, 750px\" \/>\t\t\t\t\t\t\t\t\t\t\t\t\t<\/div>\n\t\t\t\t<\/div>\n\t\t\t\t\t<\/div>\n\t\t<\/div>\n\t\t\t\t\t<\/div>\n\t\t<\/section>\n\t\t\t\t<section class=\"elementor-section elementor-top-section elementor-element elementor-element-85e3f5a elementor-section-boxed elementor-section-height-default elementor-section-height-default\" data-id=\"85e3f5a\" data-element_type=\"section\">\n\t\t\t\t\t\t<div class=\"elementor-container elementor-column-gap-default\">\n\t\t\t\t\t<div class=\"elementor-column elementor-col-100 elementor-top-column elementor-element elementor-element-cddbd85\" data-id=\"cddbd85\" data-element_type=\"column\">\n\t\t\t<div class=\"elementor-widget-wrap elementor-element-populated\">\n\t\t\t\t\t\t<div class=\"elementor-element elementor-element-090e01d elementor-widget elementor-widget-text-editor\" data-id=\"090e01d\" data-element_type=\"widget\" data-widget_type=\"text-editor.default\">\n\t\t\t\t<div class=\"elementor-widget-container\">\n\t\t\t\t\t\t\t<p style=\"text-align: justify;\">Le premier centre de sylvoth\u00e9rapie a vu le jour dans la r\u00e9gion de Vielsalm gr\u00e2ce \u00e0 Philippe Andrianne et Martine Delvoie (animateurs de la F\u00e9d\u00e9ration Europ\u00e9enne d\u2019Herboristerie et organisateurs de stages de gemmoth\u00e9rapie int\u00e9gr\u00e9e).<\/p><p style=\"text-align: justify;\">Apr\u00e8s la p\u00e9riode de confinement intense que nous venons de vivre, le contact avec la nature est essentiel pour se reconnecter avec le monde vivant et les vertus th\u00e9rapeutiques de la for\u00eat sont multiples.<\/p><p style=\"text-align: justify;\"><span style=\"color: #008080;\"><strong>Le SI organise, avec le concours de Martine Delvoie, un atelier\/balade sylvoth\u00e9rapie le samedi 8 ao\u00fbt 2020 de 14 \u00e0 16 heures.<\/strong><\/span><\/p><p style=\"text-align: justify;\">Plus d\u2019informations et inscriptions aupr\u00e8s du SI\u00a0: 080\/21 50 52 ou par mail <a href=\"mailto:info@vielsalm-tourisme.be\">info@vielsalm-tourisme.be<\/a><\/p><p style=\"text-align: justify;\"><\/p>\t\t\t\t\t\t<\/div>\n\t\t\t\t<\/div>\n\t\t\t\t\t<\/div>\n\t\t<\/div>\n\t\t\t\t\t<\/div>\n\t\t<\/section>\n\t\t\t\t<\/div>\n\t\t","protected":false},"excerpt":{"rendered":"<p>Sylvoth\u00e9rapie : comment capter l\u2019\u00e9nergie des arbres ? \u00ab\u00a0Shinrin Yoku\u00a0\u00bb ou bains de for\u00eat sont un des secrets de sant\u00e9 des Japonais. Ils marchent lentement, en conscience, pendant minimum 2 heures dans la for\u00eat. D\u2019apr\u00e8s les chercheurs japonais, le contact avec le bois a de nombreux bienfaits\u00a0pour notre sant\u00e9\u00a0: Baisse [&hellip;]<\/p>\n","protected":false},"author":1,"featured_media":7312,"comment_status":"open","ping_status":"open","sticky":false,"template":"","format":"standard","meta":{"_monsterinsights_skip_tracking":false,"_monsterinsights_sitenote_active":false,"_monsterinsights_sitenote_note":"","_monsterinsights_sitenote_category":0,"footnotes":""},"categories":[21],"tags":[43,15,36],"class_list":["post-7311","post","type-post","status-publish","format-standard","has-post-thumbnail","hentry","category-evenement","tag-bien-etre","tag-foret","tag-promenade"],"_links":{"self":[{"href":"https:\/\/www.vielsalm-tourisme.be\/fr\/index.php\/wp-json\/wp\/v2\/posts\/7311","targetHints":{"allow":["GET"]}}],"collection":[{"href":"https:\/\/www.vielsalm-tourisme.be\/fr\/index.php\/wp-json\/wp\/v2\/posts"}],"about":[{"href":"https:\/\/www.vielsalm-tourisme.be\/fr\/index.php\/wp-json\/wp\/v2\/types\/post"}],"author":[{"embeddable":true,"href":"https:\/\/www.vielsalm-tourisme.be\/fr\/index.php\/wp-json\/wp\/v2\/users\/1"}],"replies":[{"embeddable":true,"href":"https:\/\/www.vielsalm-tourisme.be\/fr\/index.php\/wp-json\/wp\/v2\/comments?post=7311"}],"version-history":[{"count":4,"href":"https:\/\/www.vielsalm-tourisme.be\/fr\/index.php\/wp-json\/wp\/v2\/posts\/7311\/revisions"}],"predecessor-version":[{"id":7325,"href":"https:\/\/www.vielsalm-tourisme.be\/fr\/index.php\/wp-json\/wp\/v2\/posts\/7311\/revisions\/7325"}],"wp:featuredmedia":[{"embeddable":true,"href":"https:\/\/www.vielsalm-tourisme.be\/fr\/index.php\/wp-json\/wp\/v2\/media\/7312"}],"wp:attachment":[{"href":"https:\/\/www.vielsalm-tourisme.be\/fr\/index.php\/wp-json\/wp\/v2\/media?parent=7311"}],"wp:term":[{"taxonomy":"category","embeddable":true,"href":"https:\/\/www.vielsalm-tourisme.be\/fr\/index.php\/wp-json\/wp\/v2\/categories?post=7311"},{"taxonomy":"post_tag","embeddable":true,"href":"https:\/\/www.vielsalm-tourisme.be\/fr\/index.php\/wp-json\/wp\/v2\/tags?post=7311"}],"curies":[{"name":"wp","href":"https:\/\/api.w.org\/{rel}","templated":true}]}}