{"id":7226,"date":"2020-05-26T09:46:09","date_gmt":"2020-05-26T07:46:09","guid":{"rendered":"https:\/\/www.vielsalm-tourisme.be\/fr\/?p=7226"},"modified":"2020-05-26T09:47:00","modified_gmt":"2020-05-26T07:47:00","slug":"le-musee-du-coticule","status":"publish","type":"post","link":"https:\/\/www.vielsalm-tourisme.be\/fr\/index.php\/2020\/05\/26\/le-musee-du-coticule\/","title":{"rendered":"Le mus\u00e9e du coticule"},"content":{"rendered":"\t\t<div data-elementor-type=\"wp-post\" data-elementor-id=\"7226\" class=\"elementor elementor-7226 elementor-bc-flex-widget\">\n\t\t\t\t\t\t<section class=\"elementor-section elementor-top-section elementor-element elementor-element-9ab6328 elementor-section-boxed elementor-section-height-default elementor-section-height-default\" data-id=\"9ab6328\" data-element_type=\"section\">\n\t\t\t\t\t\t<div class=\"elementor-container elementor-column-gap-default\">\n\t\t\t\t\t<div class=\"elementor-column elementor-col-100 elementor-top-column elementor-element elementor-element-55d9565\" data-id=\"55d9565\" data-element_type=\"column\">\n\t\t\t<div class=\"elementor-widget-wrap elementor-element-populated\">\n\t\t\t\t\t\t<div class=\"elementor-element elementor-element-47fcd95 elementor-widget elementor-widget-heading\" data-id=\"47fcd95\" data-element_type=\"widget\" data-widget_type=\"heading.default\">\n\t\t\t\t<div class=\"elementor-widget-container\">\n\t\t\t<h2 class=\"elementor-heading-title elementor-size-default\">Le mus\u00e9e du coticule<\/h2>\t\t<\/div>\n\t\t\t\t<\/div>\n\t\t\t\t\t<\/div>\n\t\t<\/div>\n\t\t\t\t\t<\/div>\n\t\t<\/section>\n\t\t\t\t<section class=\"elementor-section elementor-top-section elementor-element elementor-element-86ac9ce elementor-section-boxed elementor-section-height-default elementor-section-height-default\" data-id=\"86ac9ce\" data-element_type=\"section\">\n\t\t\t\t\t\t<div class=\"elementor-container elementor-column-gap-default\">\n\t\t\t\t\t<div class=\"elementor-column elementor-col-100 elementor-top-column elementor-element elementor-element-434ed21\" data-id=\"434ed21\" data-element_type=\"column\">\n\t\t\t<div class=\"elementor-widget-wrap elementor-element-populated\">\n\t\t\t\t\t\t<div class=\"elementor-element elementor-element-f503015 elementor-widget elementor-widget-text-editor\" data-id=\"f503015\" data-element_type=\"widget\" data-widget_type=\"text-editor.default\">\n\t\t\t\t<div class=\"elementor-widget-container\">\n\t\t\t\t\t\t\t<p style=\"text-align: justify;\">Nul n\u2019ignore, en terre de Salm, que nos sous-sols sont riches de la c\u00e9l\u00e8bre pierre de coticule (pierre \u00e0 rasoir), export\u00e9e dans le monde entier et qui a d\u00e9j\u00e0 fait l\u2019objet d\u2019un article sur ce blog.<\/p><p style=\"text-align: justify;\"><\/p><p style=\"text-align: justify;\">Un tel tr\u00e9sor m\u00e9ritait bien un mus\u00e9e\u00a0!<\/p><p style=\"text-align: justify;\">Le Mus\u00e9e du Coticule est une r\u00e9alisation de l\u2019asbl Val du Glain Terre de Salm, fond\u00e9e en 1973 aux fins d\u2019\u00e9tudier et d\u2019illustrer la Haute Ardenne. L\u2019asbl a pour objet la recherche et la conservation du toute trace d\u2019activit\u00e9 humaine en rapport avec le pass\u00e9 de la r\u00e9gion.<\/p><p style=\"text-align: justify;\">Le Mus\u00e9e du Coticule est n\u00e9 dans le plus grand atelier de la pierre \u00e0 rasoir de la r\u00e9gion. Cet atelier date de 1923 et est \u00e9tabli sur la rive droite du Glain, en amont de Salmch\u00e2teau. Il a fonctionn\u00e9 jusqu\u2019en 1955 et, apr\u00e8s abandon et restauration, le Mus\u00e9e y a ouvert ses portes en 1983.<\/p><p style=\"text-align: justify;\">Le Mus\u00e9e du Coticule vous propose la d\u00e9couverte du fa\u00e7onnage de cette pierre \u00e0 rasoir dans l\u2019ancien atelier situ\u00e9 dans un beau vallon. Vous pourrez y admirer les anciennes machines en fonctionnement et une salle consacr\u00e9e \u00e0 la g\u00e9ologie r\u00e9gionale (le massif de Stavelot qui contient les roches les plus anciennes de Belgique). Vous en apprendrez plus sur les aspects \u00e9conomiques, historiques et sociaux de l\u2019exploitation.<\/p>\t\t\t\t\t\t<\/div>\n\t\t\t\t<\/div>\n\t\t\t\t\t<\/div>\n\t\t<\/div>\n\t\t\t\t\t<\/div>\n\t\t<\/section>\n\t\t\t\t<section class=\"elementor-section elementor-top-section elementor-element elementor-element-6ef886e elementor-section-boxed elementor-section-height-default elementor-section-height-default\" data-id=\"6ef886e\" data-element_type=\"section\">\n\t\t\t\t\t\t<div class=\"elementor-container elementor-column-gap-default\">\n\t\t\t\t\t<div class=\"elementor-column elementor-col-100 elementor-top-column elementor-element elementor-element-e0cf731\" data-id=\"e0cf731\" data-element_type=\"column\">\n\t\t\t<div class=\"elementor-widget-wrap elementor-element-populated\">\n\t\t\t\t\t\t<div class=\"elementor-element elementor-element-e386566 elementor-widget elementor-widget-image\" data-id=\"e386566\" data-element_type=\"widget\" data-widget_type=\"image.default\">\n\t\t\t\t<div class=\"elementor-widget-container\">\n\t\t\t\t\t\t\t\t\t\t\t\t\t<img fetchpriority=\"high\" decoding=\"async\" width=\"750\" height=\"563\" src=\"https:\/\/www.vielsalm-tourisme.be\/fr\/wp-content\/uploads\/2020\/05\/museecoticule2-1024x768.jpg\" class=\"attachment-large size-large wp-image-7228\" alt=\"\" srcset=\"https:\/\/www.vielsalm-tourisme.be\/fr\/wp-content\/uploads\/2020\/05\/museecoticule2-1024x768.jpg 1024w, https:\/\/www.vielsalm-tourisme.be\/fr\/wp-content\/uploads\/2020\/05\/museecoticule2-300x225.jpg 300w, https:\/\/www.vielsalm-tourisme.be\/fr\/wp-content\/uploads\/2020\/05\/museecoticule2-768x576.jpg 768w, https:\/\/www.vielsalm-tourisme.be\/fr\/wp-content\/uploads\/2020\/05\/museecoticule2.jpg 1200w\" sizes=\"(max-width: 750px) 100vw, 750px\" \/>\t\t\t\t\t\t\t\t\t\t\t\t\t<\/div>\n\t\t\t\t<\/div>\n\t\t\t\t\t<\/div>\n\t\t<\/div>\n\t\t\t\t\t<\/div>\n\t\t<\/section>\n\t\t\t\t<section class=\"elementor-section elementor-top-section elementor-element elementor-element-b58b5cd elementor-section-boxed elementor-section-height-default elementor-section-height-default\" data-id=\"b58b5cd\" data-element_type=\"section\">\n\t\t\t\t\t\t<div class=\"elementor-container elementor-column-gap-default\">\n\t\t\t\t\t<div class=\"elementor-column elementor-col-100 elementor-top-column elementor-element elementor-element-dde1866\" data-id=\"dde1866\" data-element_type=\"column\">\n\t\t\t<div class=\"elementor-widget-wrap elementor-element-populated\">\n\t\t\t\t\t\t<div class=\"elementor-element elementor-element-3068038 elementor-widget elementor-widget-text-editor\" data-id=\"3068038\" data-element_type=\"widget\" data-widget_type=\"text-editor.default\">\n\t\t\t\t<div class=\"elementor-widget-container\">\n\t\t\t\t\t\t\t<p style=\"text-align: justify;\">Pour plus d\u2019informations, vous pouvez visiter le site\u00a0: <a href=\"https:\/\/glainetsalm-hauteardenne.be\/musee\/\">https:\/\/glainetsalm-hauteardenne.be\/musee\/<\/a> ou t\u00e9l\u00e9phoner au 080\/21 57 68.<\/p><p style=\"text-align: justify;\">Sur demande, vous pourrez b\u00e9n\u00e9ficier d\u2019une visite guid\u00e9e. Deux promenades en lien avec votre visite sont en cours de r\u00e9alisation.<\/p><p style=\"text-align: justify;\">Pour info\u00a0: l\u2019asbl Val du Glain Terre de Salm \u00e9dite une revue \u00e0 laquelle il vous est possible de vous abonner. Vous pourrez en retrouver quelques extraits sur le site.<\/p>\t\t\t\t\t\t<\/div>\n\t\t\t\t<\/div>\n\t\t\t\t\t<\/div>\n\t\t<\/div>\n\t\t\t\t\t<\/div>\n\t\t<\/section>\n\t\t\t\t<section class=\"elementor-section elementor-top-section elementor-element elementor-element-ff166d3 elementor-section-boxed elementor-section-height-default elementor-section-height-default\" data-id=\"ff166d3\" data-element_type=\"section\">\n\t\t\t\t\t\t<div class=\"elementor-container elementor-column-gap-default\">\n\t\t\t\t\t<div class=\"elementor-column elementor-col-100 elementor-top-column elementor-element elementor-element-3953dca\" data-id=\"3953dca\" data-element_type=\"column\">\n\t\t\t<div class=\"elementor-widget-wrap elementor-element-populated\">\n\t\t\t\t\t\t<div class=\"elementor-element elementor-element-4781952 elementor-widget elementor-widget-image\" data-id=\"4781952\" data-element_type=\"widget\" data-widget_type=\"image.default\">\n\t\t\t\t<div class=\"elementor-widget-container\">\n\t\t\t\t\t\t\t\t\t\t\t\t\t<img decoding=\"async\" width=\"750\" height=\"563\" src=\"https:\/\/www.vielsalm-tourisme.be\/fr\/wp-content\/uploads\/2019\/05\/mps_audio5-1024x768.jpg\" class=\"attachment-large size-large wp-image-5572\" alt=\"\" srcset=\"https:\/\/www.vielsalm-tourisme.be\/fr\/wp-content\/uploads\/2019\/05\/mps_audio5.jpg 1024w, https:\/\/www.vielsalm-tourisme.be\/fr\/wp-content\/uploads\/2019\/05\/mps_audio5-300x225.jpg 300w, https:\/\/www.vielsalm-tourisme.be\/fr\/wp-content\/uploads\/2019\/05\/mps_audio5-768x576.jpg 768w\" sizes=\"(max-width: 750px) 100vw, 750px\" \/>\t\t\t\t\t\t\t\t\t\t\t\t\t<\/div>\n\t\t\t\t<\/div>\n\t\t\t\t\t<\/div>\n\t\t<\/div>\n\t\t\t\t\t<\/div>\n\t\t<\/section>\n\t\t\t\t<\/div>\n\t\t","protected":false},"excerpt":{"rendered":"<p>Le mus\u00e9e du coticule Nul n\u2019ignore, en terre de Salm, que nos sous-sols sont riches de la c\u00e9l\u00e8bre pierre de coticule (pierre \u00e0 rasoir), export\u00e9e dans le monde entier et qui a d\u00e9j\u00e0 fait l\u2019objet d\u2019un article sur ce blog. Un tel tr\u00e9sor m\u00e9ritait bien un mus\u00e9e\u00a0! Le Mus\u00e9e du [&hellip;]<\/p>\n","protected":false},"author":1,"featured_media":7227,"comment_status":"open","ping_status":"open","sticky":false,"template":"","format":"standard","meta":{"_monsterinsights_skip_tracking":false,"_monsterinsights_sitenote_active":false,"_monsterinsights_sitenote_note":"","_monsterinsights_sitenote_category":0,"footnotes":""},"categories":[13],"tags":[],"class_list":["post-7226","post","type-post","status-publish","format-standard","has-post-thumbnail","hentry","category-patrimoine"],"_links":{"self":[{"href":"https:\/\/www.vielsalm-tourisme.be\/fr\/index.php\/wp-json\/wp\/v2\/posts\/7226","targetHints":{"allow":["GET"]}}],"collection":[{"href":"https:\/\/www.vielsalm-tourisme.be\/fr\/index.php\/wp-json\/wp\/v2\/posts"}],"about":[{"href":"https:\/\/www.vielsalm-tourisme.be\/fr\/index.php\/wp-json\/wp\/v2\/types\/post"}],"author":[{"embeddable":true,"href":"https:\/\/www.vielsalm-tourisme.be\/fr\/index.php\/wp-json\/wp\/v2\/users\/1"}],"replies":[{"embeddable":true,"href":"https:\/\/www.vielsalm-tourisme.be\/fr\/index.php\/wp-json\/wp\/v2\/comments?post=7226"}],"version-history":[{"count":2,"href":"https:\/\/www.vielsalm-tourisme.be\/fr\/index.php\/wp-json\/wp\/v2\/posts\/7226\/revisions"}],"predecessor-version":[{"id":7230,"href":"https:\/\/www.vielsalm-tourisme.be\/fr\/index.php\/wp-json\/wp\/v2\/posts\/7226\/revisions\/7230"}],"wp:featuredmedia":[{"embeddable":true,"href":"https:\/\/www.vielsalm-tourisme.be\/fr\/index.php\/wp-json\/wp\/v2\/media\/7227"}],"wp:attachment":[{"href":"https:\/\/www.vielsalm-tourisme.be\/fr\/index.php\/wp-json\/wp\/v2\/media?parent=7226"}],"wp:term":[{"taxonomy":"category","embeddable":true,"href":"https:\/\/www.vielsalm-tourisme.be\/fr\/index.php\/wp-json\/wp\/v2\/categories?post=7226"},{"taxonomy":"post_tag","embeddable":true,"href":"https:\/\/www.vielsalm-tourisme.be\/fr\/index.php\/wp-json\/wp\/v2\/tags?post=7226"}],"curies":[{"name":"wp","href":"https:\/\/api.w.org\/{rel}","templated":true}]}}