{"id":7153,"date":"2020-04-07T09:00:01","date_gmt":"2020-04-07T07:00:01","guid":{"rendered":"https:\/\/www.vielsalm-tourisme.be\/fr\/?p=7153"},"modified":"2020-04-20T10:52:11","modified_gmt":"2020-04-20T08:52:11","slug":"les-balades-a-vielsalm","status":"publish","type":"post","link":"https:\/\/www.vielsalm-tourisme.be\/fr\/index.php\/2020\/04\/07\/les-balades-a-vielsalm\/","title":{"rendered":"Les balades \u00e0 Vielsalm"},"content":{"rendered":"\t\t<div data-elementor-type=\"wp-post\" data-elementor-id=\"7153\" class=\"elementor elementor-7153 elementor-bc-flex-widget\">\n\t\t\t\t\t\t<section class=\"elementor-section elementor-top-section elementor-element elementor-element-4f95593 elementor-section-stretched elementor-section-full_width elementor-section-height-default elementor-section-height-default\" data-id=\"4f95593\" data-element_type=\"section\" data-settings=\"{&quot;stretch_section&quot;:&quot;section-stretched&quot;}\">\n\t\t\t\t\t\t<div class=\"elementor-container elementor-column-gap-default\">\n\t\t\t\t\t<div class=\"elementor-column elementor-col-100 elementor-top-column elementor-element elementor-element-a68c750\" data-id=\"a68c750\" data-element_type=\"column\">\n\t\t\t<div class=\"elementor-widget-wrap elementor-element-populated\">\n\t\t\t\t\t\t<div class=\"elementor-element elementor-element-255643a elementor-widget elementor-widget-heading\" data-id=\"255643a\" data-element_type=\"widget\" data-widget_type=\"heading.default\">\n\t\t\t\t<div class=\"elementor-widget-container\">\n\t\t\t<h2 class=\"elementor-heading-title elementor-size-default\">Les balades \u00e0 Vielsalm<\/h2>\t\t<\/div>\n\t\t\t\t<\/div>\n\t\t\t\t\t<\/div>\n\t\t<\/div>\n\t\t\t\t\t<\/div>\n\t\t<\/section>\n\t\t\t\t<section class=\"elementor-section elementor-top-section elementor-element elementor-element-a9a5c49 elementor-section-boxed elementor-section-height-default elementor-section-height-default\" data-id=\"a9a5c49\" data-element_type=\"section\">\n\t\t\t\t\t\t<div class=\"elementor-container elementor-column-gap-default\">\n\t\t\t\t\t<div class=\"elementor-column elementor-col-100 elementor-top-column elementor-element elementor-element-3b2daea\" data-id=\"3b2daea\" data-element_type=\"column\">\n\t\t\t<div class=\"elementor-widget-wrap elementor-element-populated\">\n\t\t\t\t\t\t<div class=\"elementor-element elementor-element-bd8fdd6 elementor-widget elementor-widget-text-editor\" data-id=\"bd8fdd6\" data-element_type=\"widget\" data-widget_type=\"text-editor.default\">\n\t\t\t\t<div class=\"elementor-widget-container\">\n\t\t\t\t\t\t\t<h6 style=\"text-align: justify;\">En ces temps de confinement, il nous est toujours possible d\u2019aller nous balader, que ce soit \u00e0 v\u00e9lo, \u00e0 pied\u2026 Voici donc un petit r\u00e9capitulatif des balades qui vous sont propos\u00e9es par le Syndicat d\u2019initiative.<\/h6><p><img fetchpriority=\"high\" decoding=\"async\" src=\"https:\/\/www.vielsalm-tourisme.be\/fr\/wp-content\/uploads\/2020\/04\/balades_vielsalm.jpg\" alt=\"\" class=\"alignnone size-full wp-image-7157\" width=\"1385\" height=\"2077\" srcset=\"https:\/\/www.vielsalm-tourisme.be\/fr\/wp-content\/uploads\/2020\/04\/balades_vielsalm.jpg 1385w, https:\/\/www.vielsalm-tourisme.be\/fr\/wp-content\/uploads\/2020\/04\/balades_vielsalm-200x300.jpg 200w, https:\/\/www.vielsalm-tourisme.be\/fr\/wp-content\/uploads\/2020\/04\/balades_vielsalm-768x1152.jpg 768w, https:\/\/www.vielsalm-tourisme.be\/fr\/wp-content\/uploads\/2020\/04\/balades_vielsalm-683x1024.jpg 683w\" sizes=\"(max-width: 1385px) 100vw, 1385px\" \/><\/p><p style=\"text-align: justify;\"><strong><span style=\"color: #008080;\">\u00c0 v\u00e9lo\u00a0:<\/span><\/strong><\/p><p style=\"text-align: justify;\">4 circuits sont balis\u00e9s et vous emm\u00e8nent aux 4 coins de notre belle commune. Certains font appel \u00e0 de bonnes qualit\u00e9s sportives. Les d\u00e9nivel\u00e9s vont de 120 m \u00e0 485 m en fonction du circuit choisi.<\/p><p style=\"text-align: justify;\"><strong><span style=\"color: #008080;\">\u00c0 pied\u00a0:<\/span><\/strong><\/p><p style=\"text-align: justify;\">Ce ne sont pas moins de 11 promenades balis\u00e9es qui vous permettent de d\u00e9couvert notre beau pays autrement.<\/p><ul style=\"text-align: justify;\"><li>4 se font au d\u00e9part de Vielsalm sont comprises entre 11 et 13 km.<\/li><li>1 au d\u00e9part de Petit-Thier\u00a0: 8 km<\/li><li>2 au d\u00e9part de Grand-Halleux\u00a0: 11 et 12 km<\/li><li>2 au d\u00e9part de H\u00e9bronval\u00a0: 11 et 12 km<\/li><li>2 au d\u00e9part de la Baraque de Fraiture\u00a0: 5 et 12 km.<\/li><\/ul><p><img decoding=\"async\" src=\"https:\/\/www.vielsalm-tourisme.be\/fr\/wp-content\/uploads\/2020\/04\/vue_balades_vielsalm.jpg\" alt=\"\" class=\"alignnone size-full wp-image-7159\" width=\"960\" height=\"648\" srcset=\"https:\/\/www.vielsalm-tourisme.be\/fr\/wp-content\/uploads\/2020\/04\/vue_balades_vielsalm.jpg 960w, https:\/\/www.vielsalm-tourisme.be\/fr\/wp-content\/uploads\/2020\/04\/vue_balades_vielsalm-300x203.jpg 300w, https:\/\/www.vielsalm-tourisme.be\/fr\/wp-content\/uploads\/2020\/04\/vue_balades_vielsalm-768x518.jpg 768w\" sizes=\"(max-width: 960px) 100vw, 960px\" \/><\/p><p style=\"text-align: justify;\">Les balades \u00e0 th\u00e8me\u00a0:<\/p><ul><li style=\"text-align: justify;\">Neuville-Haut\u00a0: sentiers balis\u00e9s \u00e0 la clairi\u00e8re de \u00ab\u00a0So B\u00eachefa\u00a0\u00bb. Ces circuits font entre 2.5 kms et 5 kms.<\/li><li style=\"text-align: justify;\">Neuville-Haut\u00a0: parcours sensoriel pour les personnes \u00e0 mobilit\u00e9 r\u00e9duite, toujours \u00e0 la clairi\u00e8re de \u00ab\u00a0So B\u00eachefa\u00a0\u00bb<\/li><li style=\"text-align: justify;\">Vielsalm\u00a0: \u00a0la promenade du lac des Doyards (2 kms), \u00e9galement accessible aux PMR<\/li><li style=\"text-align: justify;\">La balade sonore des Macralles. (5 km)<\/li><li style=\"text-align: justify;\">Le sentier environnement\u00a0: la Nature en Questions (7 km)<\/li><li style=\"text-align: justify;\">Mai 40 \u2013 sur la trace des Chasseurs Ardennais (7 km)<\/li><li style=\"text-align: justify;\">Ennal\u00a0: le sentier didactique \u00ab\u00a0J-P Offergeld\u00a0\u00bb (3 km)<\/li><li style=\"text-align: justify;\">Salmch\u00e2teau\u00a0:\u00a0\u00a0\u00a0 les tr\u00e9sors du Pays de Salm (9 km)<\/li><li style=\"text-align: justify;\">La promenade Victor Hugo (7 km)<\/li><li style=\"text-align: justify;\">Bihain\u00a0: promenade dans la fagne du Plateau des Tailles (6 km)<\/li><\/ul><p style=\"text-align: justify;\">Il est bien entendu que nous vous conseillons de faire les balades qui se trouvent pr\u00e8s de chez vous sans devoir prendre la voiture pour vous rendre au point de d\u00e9part.<\/p><p style=\"text-align: justify;\">Vous pouvez obtenir plus d\u2019informations \u00e0 la page <a href=\"https:\/\/www.vielsalm-tourisme.be\/fr\/index.php\/activites\/\"><span style=\"text-decoration: underline;\">ACTIVIT\u00c9S<\/span>.<\/a><\/p><p><img decoding=\"async\" src=\"https:\/\/www.vielsalm-tourisme.be\/fr\/wp-content\/uploads\/2020\/04\/promenades_vielsalm.jpg\" alt=\"\" class=\"alignnone size-full wp-image-7158\" width=\"1387\" height=\"923\" srcset=\"https:\/\/www.vielsalm-tourisme.be\/fr\/wp-content\/uploads\/2020\/04\/promenades_vielsalm.jpg 1387w, https:\/\/www.vielsalm-tourisme.be\/fr\/wp-content\/uploads\/2020\/04\/promenades_vielsalm-300x200.jpg 300w, https:\/\/www.vielsalm-tourisme.be\/fr\/wp-content\/uploads\/2020\/04\/promenades_vielsalm-768x511.jpg 768w, https:\/\/www.vielsalm-tourisme.be\/fr\/wp-content\/uploads\/2020\/04\/promenades_vielsalm-1024x681.jpg 1024w, https:\/\/www.vielsalm-tourisme.be\/fr\/wp-content\/uploads\/2020\/04\/promenades_vielsalm-360x240.jpg 360w\" sizes=\"(max-width: 1387px) 100vw, 1387px\" \/><\/p><p style=\"text-align: justify;\"><a href=\"https:\/\/www.vielsalm-tourisme.be\/fr\/index.php\/nos-brochures\/\"><span style=\"text-decoration: underline;\">Ici, vous pouvez \u00e9galement commander les diff\u00e9rentes cartes et brochures. D\u00e8s r\u00e9ception de votre paiement, les documents vous seront envoy\u00e9s par la poste.<\/span><\/a><\/p><p style=\"text-align: justify;\">Nous vous souhaitons de belles d\u00e9couvertes dans notre verte r\u00e9gion avec l\u2019arriv\u00e9e du printemps.<\/p><p style=\"text-align: justify;\">En attendant de vous revoir, prenez bien soin de vous.<\/p>\t\t\t\t\t\t<\/div>\n\t\t\t\t<\/div>\n\t\t\t\t\t<\/div>\n\t\t<\/div>\n\t\t\t\t\t<\/div>\n\t\t<\/section>\n\t\t\t\t<\/div>\n\t\t","protected":false},"excerpt":{"rendered":"<p>Les balades \u00e0 Vielsalm En ces temps de confinement, il nous est toujours possible d\u2019aller nous balader, que ce soit \u00e0 v\u00e9lo, \u00e0 pied\u2026 Voici donc un petit r\u00e9capitulatif des balades qui vous sont propos\u00e9es par le Syndicat d\u2019initiative. \u00c0 v\u00e9lo\u00a0: 4 circuits sont balis\u00e9s et vous emm\u00e8nent aux 4 [&hellip;]<\/p>\n","protected":false},"author":1,"featured_media":7158,"comment_status":"open","ping_status":"open","sticky":false,"template":"","format":"standard","meta":{"_monsterinsights_skip_tracking":false,"_monsterinsights_sitenote_active":false,"_monsterinsights_sitenote_note":"","_monsterinsights_sitenote_category":0,"footnotes":""},"categories":[21],"tags":[],"class_list":["post-7153","post","type-post","status-publish","format-standard","has-post-thumbnail","hentry","category-evenement"],"_links":{"self":[{"href":"https:\/\/www.vielsalm-tourisme.be\/fr\/index.php\/wp-json\/wp\/v2\/posts\/7153","targetHints":{"allow":["GET"]}}],"collection":[{"href":"https:\/\/www.vielsalm-tourisme.be\/fr\/index.php\/wp-json\/wp\/v2\/posts"}],"about":[{"href":"https:\/\/www.vielsalm-tourisme.be\/fr\/index.php\/wp-json\/wp\/v2\/types\/post"}],"author":[{"embeddable":true,"href":"https:\/\/www.vielsalm-tourisme.be\/fr\/index.php\/wp-json\/wp\/v2\/users\/1"}],"replies":[{"embeddable":true,"href":"https:\/\/www.vielsalm-tourisme.be\/fr\/index.php\/wp-json\/wp\/v2\/comments?post=7153"}],"version-history":[{"count":5,"href":"https:\/\/www.vielsalm-tourisme.be\/fr\/index.php\/wp-json\/wp\/v2\/posts\/7153\/revisions"}],"predecessor-version":[{"id":7161,"href":"https:\/\/www.vielsalm-tourisme.be\/fr\/index.php\/wp-json\/wp\/v2\/posts\/7153\/revisions\/7161"}],"wp:featuredmedia":[{"embeddable":true,"href":"https:\/\/www.vielsalm-tourisme.be\/fr\/index.php\/wp-json\/wp\/v2\/media\/7158"}],"wp:attachment":[{"href":"https:\/\/www.vielsalm-tourisme.be\/fr\/index.php\/wp-json\/wp\/v2\/media?parent=7153"}],"wp:term":[{"taxonomy":"category","embeddable":true,"href":"https:\/\/www.vielsalm-tourisme.be\/fr\/index.php\/wp-json\/wp\/v2\/categories?post=7153"},{"taxonomy":"post_tag","embeddable":true,"href":"https:\/\/www.vielsalm-tourisme.be\/fr\/index.php\/wp-json\/wp\/v2\/tags?post=7153"}],"curies":[{"name":"wp","href":"https:\/\/api.w.org\/{rel}","templated":true}]}}