{"id":6993,"date":"2020-03-18T10:34:48","date_gmt":"2020-03-18T09:34:48","guid":{"rendered":"https:\/\/www.vielsalm-tourisme.be\/fr\/?p=6993"},"modified":"2020-04-03T09:53:42","modified_gmt":"2020-04-03T07:53:42","slug":"sprl-john-mathen","status":"publish","type":"post","link":"https:\/\/www.vielsalm-tourisme.be\/fr\/index.php\/2020\/03\/18\/sprl-john-mathen\/","title":{"rendered":"SPRL John Mathen"},"content":{"rendered":"\t\t<div data-elementor-type=\"wp-post\" data-elementor-id=\"6993\" class=\"elementor elementor-6993 elementor-bc-flex-widget\">\n\t\t\t\t\t\t<section class=\"elementor-section elementor-top-section elementor-element elementor-element-6e668f2 elementor-section-boxed elementor-section-height-default elementor-section-height-default\" data-id=\"6e668f2\" data-element_type=\"section\">\n\t\t\t\t\t\t<div class=\"elementor-container elementor-column-gap-default\">\n\t\t\t\t\t<div class=\"elementor-column elementor-col-100 elementor-top-column elementor-element elementor-element-d9fc788\" data-id=\"d9fc788\" data-element_type=\"column\">\n\t\t\t<div class=\"elementor-widget-wrap elementor-element-populated\">\n\t\t\t\t\t\t<div class=\"elementor-element elementor-element-d9b2870 elementor-widget elementor-widget-heading\" data-id=\"d9b2870\" data-element_type=\"widget\" data-widget_type=\"heading.default\">\n\t\t\t\t<div class=\"elementor-widget-container\">\n\t\t\t<h2 class=\"elementor-heading-title elementor-size-default\">SPRL John Mathen<\/h2>\t\t<\/div>\n\t\t\t\t<\/div>\n\t\t\t\t\t<\/div>\n\t\t<\/div>\n\t\t\t\t\t<\/div>\n\t\t<\/section>\n\t\t\t\t<section class=\"elementor-section elementor-top-section elementor-element elementor-element-a8b1826 elementor-section-boxed elementor-section-height-default elementor-section-height-default\" data-id=\"a8b1826\" data-element_type=\"section\">\n\t\t\t\t\t\t<div class=\"elementor-container elementor-column-gap-default\">\n\t\t\t\t\t<div class=\"elementor-column elementor-col-100 elementor-top-column elementor-element elementor-element-f90d622\" data-id=\"f90d622\" data-element_type=\"column\">\n\t\t\t<div class=\"elementor-widget-wrap elementor-element-populated\">\n\t\t\t\t\t\t<div class=\"elementor-element elementor-element-ed996d9 elementor-widget elementor-widget-text-editor\" data-id=\"ed996d9\" data-element_type=\"widget\" data-widget_type=\"text-editor.default\">\n\t\t\t\t<div class=\"elementor-widget-container\">\n\t\t\t\t\t\t\t<p style=\"text-align: justify;\">Que vous ayez l\u2019intention de\u00a0:<\/p><ul style=\"text-align: justify;\"><li>construire et par cons\u00e9quent, besoin d\u2019un syst\u00e8me de chauffage ad\u00e9quat \u00e0 votre nouvelle habitation (chaudi\u00e8re au gaz ou \u00e0 mazout)<\/li><li>de r\u00e9nover une habitation,<\/li><li>d\u2019un d\u00e9pannage relatif au chauffage de votre habitation,<\/li><li>du placement de pompe \u00e0 chaleur<\/li><li>du placement de panneaux solaires termiques,<\/li><li>de chauffe-eau solaire,<\/li><li>d\u2019un entretien, ramonage de votre chemin\u00e9e,<\/li><li>de travaux relatifs aux sanitaires\u00a0: placement, r\u00e9novation, adaptations pour les personnes \u00e0 mobilit\u00e9 r\u00e9duite\u2026<\/li><li>cr\u00e9ation de projets sur mesure en mati\u00e8re d\u2019espaces Wellness, sauna, hammam etc\u2026<\/li><\/ul><p style=\"text-align: justify;\"><span>La SPRL John MATHEN, entreprise agr\u00e9e depuis 2005, est l\u2019entreprise que vous recherchez\u00a0!<\/span><\/p><p style=\"text-align: justify;\"><img fetchpriority=\"high\" decoding=\"async\" data-attachment-id=\"632\" data-permalink=\"https:\/\/vacances-vielsalm.com\/johnmathen1\/\" data-orig-file=\"https:\/\/i2.wp.com\/vacances-vielsalm.com\/wp-content\/uploads\/2020\/02\/johnmathen1.png?fit=234%2C234&amp;ssl=1\" data-orig-size=\"234,234\" data-comments-opened=\"1\" data-image-meta=\"{&quot;aperture&quot;:&quot;0&quot;,&quot;credit&quot;:&quot;&quot;,&quot;camera&quot;:&quot;&quot;,&quot;caption&quot;:&quot;&quot;,&quot;created_timestamp&quot;:&quot;0&quot;,&quot;copyright&quot;:&quot;&quot;,&quot;focal_length&quot;:&quot;0&quot;,&quot;iso&quot;:&quot;0&quot;,&quot;shutter_speed&quot;:&quot;0&quot;,&quot;title&quot;:&quot;&quot;,&quot;orientation&quot;:&quot;0&quot;}\" data-image-title=\"johnmathen1\" data-image-description=\"\" data-medium-file=\"https:\/\/i2.wp.com\/vacances-vielsalm.com\/wp-content\/uploads\/2020\/02\/johnmathen1.png?fit=234%2C234&amp;ssl=1\" data-large-file=\"https:\/\/i2.wp.com\/vacances-vielsalm.com\/wp-content\/uploads\/2020\/02\/johnmathen1.png?fit=234%2C234&amp;ssl=1\" class=\"alignnone size-full wp-image-632\" src=\"https:\/\/i2.wp.com\/vacances-vielsalm.com\/wp-content\/uploads\/2020\/02\/johnmathen1.png?resize=234%2C234&amp;ssl=1\" alt=\"\" srcset=\"https:\/\/i2.wp.com\/vacances-vielsalm.com\/wp-content\/uploads\/2020\/02\/johnmathen1.png?w=234&amp;ssl=1 234w, https:\/\/i2.wp.com\/vacances-vielsalm.com\/wp-content\/uploads\/2020\/02\/johnmathen1.png?resize=150%2C150&amp;ssl=1 150w\" sizes=\"(max-width: 234px) 100vw, 234px\" width=\"234\" height=\"234\" \/>\u00a0 \u00a0 \u00a0 \u00a0 \u00a0 \u00a0 \u00a0 \u00a0 <img decoding=\"async\" data-attachment-id=\"633\" data-permalink=\"https:\/\/vacances-vielsalm.com\/johnmathen2\/\" data-orig-file=\"https:\/\/i0.wp.com\/vacances-vielsalm.com\/wp-content\/uploads\/2020\/02\/johnmathen2.png?fit=234%2C234&amp;ssl=1\" data-orig-size=\"234,234\" data-comments-opened=\"1\" data-image-meta=\"{&quot;aperture&quot;:&quot;0&quot;,&quot;credit&quot;:&quot;&quot;,&quot;camera&quot;:&quot;&quot;,&quot;caption&quot;:&quot;&quot;,&quot;created_timestamp&quot;:&quot;0&quot;,&quot;copyright&quot;:&quot;&quot;,&quot;focal_length&quot;:&quot;0&quot;,&quot;iso&quot;:&quot;0&quot;,&quot;shutter_speed&quot;:&quot;0&quot;,&quot;title&quot;:&quot;&quot;,&quot;orientation&quot;:&quot;0&quot;}\" data-image-title=\"johnmathen2\" data-image-description=\"\" data-medium-file=\"https:\/\/i0.wp.com\/vacances-vielsalm.com\/wp-content\/uploads\/2020\/02\/johnmathen2.png?fit=234%2C234&amp;ssl=1\" data-large-file=\"https:\/\/i0.wp.com\/vacances-vielsalm.com\/wp-content\/uploads\/2020\/02\/johnmathen2.png?fit=234%2C234&amp;ssl=1\" class=\"alignright wp-image-633 size-full\" src=\"https:\/\/i0.wp.com\/vacances-vielsalm.com\/wp-content\/uploads\/2020\/02\/johnmathen2.png?resize=234%2C234&amp;ssl=1\" alt=\"\" srcset=\"https:\/\/i0.wp.com\/vacances-vielsalm.com\/wp-content\/uploads\/2020\/02\/johnmathen2.png?w=234&amp;ssl=1 234w, https:\/\/i0.wp.com\/vacances-vielsalm.com\/wp-content\/uploads\/2020\/02\/johnmathen2.png?resize=150%2C150&amp;ssl=1 150w\" sizes=\"(max-width: 234px) 100vw, 234px\" width=\"234\" height=\"234\" \/><\/p><p style=\"text-align: justify;\"><span>John MATHEN, son employ\u00e9e et les\u00a04 ouvriers comp\u00e9tents de la SPRL (3 d\u00e9panneurs et 2 monteurs) mettront \u00e0 votre disposition leurs comp\u00e9tences et leur savoir-faire, du travail r\u00e9alis\u00e9 dans les r\u00e8gles de l\u2019art pour tous les travaux d\u00e9crits ci-dessus.<\/span><\/p><p style=\"text-align: justify;\"><span>En outre, la SPRL John MATHEN vous garantit un travail adapt\u00e9 \u00e0 vos attentes, un travail propre, de grande qualit\u00e9 et bien entendu un travail conforme \u00e0 votre budget.<\/span><\/p><p style=\"text-align: justify;\"><span>La SPRL John MATHEN vous proposera le syst\u00e8me de chauffage ajust\u00e9 \u00e0 votre habitation et \u00e0 la pointe des derni\u00e8res technologies qui vous permettront d\u2019\u00e9conomiser jusqu\u2019\u00e0 30% de vos co\u00fbts \u00e9nerg\u00e9tiques.<\/span><\/p><p style=\"text-align: justify;\"><span>Pour toute demande de devis gratuit de chauffage, de plomberie, de sanitaire, \u2026, nous nous tenons \u00e0 votre enti\u00e8re disposition pour y donner suite dans les plus brefs d\u00e9lais.<\/span><\/p><p style=\"text-align: justify;\"><span>La SPRL John MATHEN est en outre agr\u00e9e SOLTHERM.<\/span><\/p><p style=\"text-align: justify;\"><span>T\u00e9l: 080\/21 55 44<\/span><\/p><p style=\"text-align: justify;\"><span>Gsm: 0476\/96 14 49<\/span><\/p><p style=\"text-align: justify;\"><span>Mail: mathen@skynet.be <\/span><\/p><p style=\"text-align: justify;\"><span>(uniquement de 8h \u00e0 17h du lundi au vendredi)<\/span><\/p><h4 style=\"text-align: justify;\"><span><strong>Mais John Mathen est aussi un homme du ciel et un homme de c\u0153ur\u00a0!<\/strong><\/span><\/h4><p style=\"text-align: justify;\">En effet, il fait partie de l\u2019asbl JUJU-WINGS\u00a0! compos\u00e9e des b\u00e9n\u00e9voles\u00a0: <strong>Jean-Fran\u00e7ois JACOB (Pr\u00e9sident) John MATHEN (Tr\u00e9sorier \/ Secr\u00e9taire) Fran\u00e7ois ANDRIANNE (Membre effectif) Gr\u00e9gory KOBS (Membre effectif).<\/strong><\/p><p style=\"text-align: justify;\">Juju-Wings a essentiellement un but social:<br \/>\u00ab organiser des initiations gratuites aux vols en paramoteur biplace au b\u00e9n\u00e9fice<br \/>d\u2019enfants et adolescents frapp\u00e9s d\u2019une maladie ou d\u2019un handicap important et\/ou ne disposant<br \/>pas de moyens financiers en suffisance pour s\u2019offrir de telles initiations. \u00bb<\/p><p style=\"text-align: justify;\">Il s\u2019agit d\u2019offrir des bapt\u00eames en paramoteur \u00e0 un certain nombre d\u2019enfants et adolescents afin de leur permettre de passer un moment inoubliable. L\u2019annonce de ce cadeau, l\u2019attente du moment, le vol en lui-m\u00eame en pr\u00e9sence des proches et enfin les photos contribueront \u00e0 apporter durablement un peu de soleil dans un quotidien parfois difficile. Cela leur permettra aussi de r\u00e9aliser que, malgr\u00e9 les difficult\u00e9s qu\u2019ils rencontrent, ils demeurent des \u00eatres humains capables de r\u00e9aliser une activit\u00e9 qu\u2019ils s\u2019\u00e9taient peut-\u00eatre \u00e0 tout jamais interdite : voler en plein air !<\/p><p style=\"text-align: justify;\"><img decoding=\"async\" data-attachment-id=\"635\" data-permalink=\"https:\/\/vacances-vielsalm.com\/johnmathen3\/\" data-orig-file=\"https:\/\/i1.wp.com\/vacances-vielsalm.com\/wp-content\/uploads\/2020\/02\/johnmathen3.png?fit=620%2C423&amp;ssl=1\" data-orig-size=\"620,423\" data-comments-opened=\"1\" data-image-meta=\"{&quot;aperture&quot;:&quot;0&quot;,&quot;credit&quot;:&quot;&quot;,&quot;camera&quot;:&quot;&quot;,&quot;caption&quot;:&quot;&quot;,&quot;created_timestamp&quot;:&quot;0&quot;,&quot;copyright&quot;:&quot;&quot;,&quot;focal_length&quot;:&quot;0&quot;,&quot;iso&quot;:&quot;0&quot;,&quot;shutter_speed&quot;:&quot;0&quot;,&quot;title&quot;:&quot;&quot;,&quot;orientation&quot;:&quot;0&quot;}\" data-image-title=\"johnmathen3\" data-image-description=\"\" data-medium-file=\"https:\/\/i1.wp.com\/vacances-vielsalm.com\/wp-content\/uploads\/2020\/02\/johnmathen3.png?fit=300%2C205&amp;ssl=1\" data-large-file=\"https:\/\/i1.wp.com\/vacances-vielsalm.com\/wp-content\/uploads\/2020\/02\/johnmathen3.png?fit=620%2C423&amp;ssl=1\" class=\"alignnone wp-image-635 size-full\" src=\"https:\/\/i1.wp.com\/vacances-vielsalm.com\/wp-content\/uploads\/2020\/02\/johnmathen3.png?resize=620%2C423&amp;ssl=1\" alt=\"\" srcset=\"https:\/\/i1.wp.com\/vacances-vielsalm.com\/wp-content\/uploads\/2020\/02\/johnmathen3.png?w=620&amp;ssl=1 620w, https:\/\/i1.wp.com\/vacances-vielsalm.com\/wp-content\/uploads\/2020\/02\/johnmathen3.png?resize=300%2C205&amp;ssl=1 300w\" sizes=\"(max-width: 620px) 100vw, 620px\" width=\"528\" height=\"360\" \/><\/p><h4 style=\"text-align: justify;\"><span><strong>Le public cible de l\u2019ASBL<\/strong><\/span><\/h4><p style=\"text-align: justify;\">Le public cible est constitu\u00e9 d\u2019enfants\/adolescents \u00e2g\u00e9s entre 8 et 18 ans :<\/p><ul style=\"text-align: justify;\"><li>qui seraient attir\u00e9s par un tel vol (en r\u00eaveraient m\u00eame). Ce qui exclut tous ceux qui ne se sentent nullement attir\u00e9s par une telle exp\u00e9rience<\/li><li>frapp\u00e9s d\u2019une maladie grave (par exemple le cancer) ou d\u2019un handicap physique grave (par exemple la parapl\u00e9gie). Ce qui exclut les handicap\u00e9s mentaux ou les maladies moins lourdes ;<\/li><li>les enfants plac\u00e9s par le juge ;<\/li><li>pour lesquels les parents seraient \u2018absents\u2019 ou ne seraient financi\u00e8rement pas en mesure de leur offrir un tel bapt\u00eame ;<\/li><li>habitant dans un rayon de 30 km maximum au d\u00e9part de Vielsalm.<\/li><\/ul><p style=\"text-align: justify;\">Ce public et la r\u00e9gion g\u00e9ographique concern\u00e9s pourraient tr\u00e8s bien \u00eatre \u00e9tendus dans la mesure o\u00f9 nous serions en mesure de r\u00e9pondre \u00e0 la demande.<\/p><h4 style=\"text-align: justify;\"><strong><span>Le vol biplace en lui-m\u00eame\u00a0<\/span><\/strong><\/h4><p style=\"text-align: justify;\">Le passager est harnach\u00e9 dans une sellette \u00e0 l\u2019avant de l\u2019appareil, bien en vue du pilote. Son horizon est totalement d\u00e9gag\u00e9 de mani\u00e8re \u00e0 ce qu\u2019il puisse totalement profiter de son vol et soit en mesure d\u2019effectuer lui-m\u00eame des prises de vues \u00e9ventuelles.<\/p><p style=\"text-align: justify;\">G\u00e9n\u00e9ralement, les bapt\u00eames durent environ 20 \u00e0 25\u2019 et se d\u00e9roulent \u00e0 une hauteur de 150 \u00e0 400 M.<\/p><p style=\"text-align: justify;\">Le pilote s\u2019efforce de voler le plus calmement possible, mais peut aussi procurer de petites sensations \u00e0 la demande. De m\u00eame, il peut voler plus haut, plus bas ou changer de cap, selon le souhait du passager.<\/p><p style=\"text-align: justify;\">En vol, la communication entre le pilote et son passager se fait par interphonie, \u00e0 l\u2019aide de micros et de headsets.<\/p><p style=\"text-align: justify;\"><span><strong><em>Les initiations que Juju-Wings offre \u00e0 ses jeunes prot\u00e9g\u00e9s sont totalement prises en charge par l\u2019ASBL.<\/em><\/strong><\/span><\/p><p style=\"text-align: justify;\">Gr\u00e2ce aux nombreux sponsors qui soutiennent leur cause, ils sont maintenant en mesure d\u2019assurer toute une s\u00e9rie de vols payants en parall\u00e8le des vols qu\u2019ils offrent \u00e0 leur public-cible. Pour \u00e9viter que les nouveaux sympathisants n\u2019attendent trop longtemps leur tour pour effectuer leur initiation,\u00a0<strong>ils ne vont plus prendre de nouvelles inscriptions<\/strong>\u00a0tant qu\u2019ils n\u2019ont pas r\u00e9alis\u00e9 une partie significative des vols actuellement enregistr\u00e9s.<br \/>Ils vous invitent \u00e0 tenir l\u2019\u0153il sur leur compte FB ou leur site (<a href=\"http:\/\/www.jujuwings.be\/\">www.jujuwings.be<\/a>) pour la reprise des inscriptions.<\/p><p style=\"text-align: justify;\">Ils vous remercient tant pour votre compr\u00e9hension que votre soutien.<\/p>\t\t\t\t\t\t<\/div>\n\t\t\t\t<\/div>\n\t\t\t\t\t<\/div>\n\t\t<\/div>\n\t\t\t\t\t<\/div>\n\t\t<\/section>\n\t\t\t\t<\/div>\n\t\t","protected":false},"excerpt":{"rendered":"<p>SPRL John Mathen Que vous ayez l\u2019intention de\u00a0: construire et par cons\u00e9quent, besoin d\u2019un syst\u00e8me de chauffage ad\u00e9quat \u00e0 votre nouvelle habitation (chaudi\u00e8re au gaz ou \u00e0 mazout) de r\u00e9nover une habitation, d\u2019un d\u00e9pannage relatif au chauffage de votre habitation, du placement de pompe \u00e0 chaleur du placement de panneaux [&hellip;]<\/p>\n","protected":false},"author":1,"featured_media":7145,"comment_status":"open","ping_status":"open","sticky":false,"template":"","format":"standard","meta":{"_monsterinsights_skip_tracking":false,"_monsterinsights_sitenote_active":false,"_monsterinsights_sitenote_note":"","_monsterinsights_sitenote_category":0,"footnotes":""},"categories":[12],"tags":[],"class_list":["post-6993","post","type-post","status-publish","format-standard","has-post-thumbnail","hentry","category-partenaire-touristique"],"_links":{"self":[{"href":"https:\/\/www.vielsalm-tourisme.be\/fr\/index.php\/wp-json\/wp\/v2\/posts\/6993","targetHints":{"allow":["GET"]}}],"collection":[{"href":"https:\/\/www.vielsalm-tourisme.be\/fr\/index.php\/wp-json\/wp\/v2\/posts"}],"about":[{"href":"https:\/\/www.vielsalm-tourisme.be\/fr\/index.php\/wp-json\/wp\/v2\/types\/post"}],"author":[{"embeddable":true,"href":"https:\/\/www.vielsalm-tourisme.be\/fr\/index.php\/wp-json\/wp\/v2\/users\/1"}],"replies":[{"embeddable":true,"href":"https:\/\/www.vielsalm-tourisme.be\/fr\/index.php\/wp-json\/wp\/v2\/comments?post=6993"}],"version-history":[{"count":3,"href":"https:\/\/www.vielsalm-tourisme.be\/fr\/index.php\/wp-json\/wp\/v2\/posts\/6993\/revisions"}],"predecessor-version":[{"id":6996,"href":"https:\/\/www.vielsalm-tourisme.be\/fr\/index.php\/wp-json\/wp\/v2\/posts\/6993\/revisions\/6996"}],"wp:featuredmedia":[{"embeddable":true,"href":"https:\/\/www.vielsalm-tourisme.be\/fr\/index.php\/wp-json\/wp\/v2\/media\/7145"}],"wp:attachment":[{"href":"https:\/\/www.vielsalm-tourisme.be\/fr\/index.php\/wp-json\/wp\/v2\/media?parent=6993"}],"wp:term":[{"taxonomy":"category","embeddable":true,"href":"https:\/\/www.vielsalm-tourisme.be\/fr\/index.php\/wp-json\/wp\/v2\/categories?post=6993"},{"taxonomy":"post_tag","embeddable":true,"href":"https:\/\/www.vielsalm-tourisme.be\/fr\/index.php\/wp-json\/wp\/v2\/tags?post=6993"}],"curies":[{"name":"wp","href":"https:\/\/api.w.org\/{rel}","templated":true}]}}