{"id":6989,"date":"2020-03-18T10:30:34","date_gmt":"2020-03-18T09:30:34","guid":{"rendered":"https:\/\/www.vielsalm-tourisme.be\/fr\/?p=6989"},"modified":"2020-04-03T09:56:49","modified_gmt":"2020-04-03T07:56:49","slug":"la-difference-trouve-t-elle-sa-place-a-vielsalm","status":"publish","type":"post","link":"https:\/\/www.vielsalm-tourisme.be\/fr\/index.php\/2020\/03\/18\/la-difference-trouve-t-elle-sa-place-a-vielsalm\/","title":{"rendered":"La diff\u00e9rence trouve-t-elle sa place \u00e0 Vielsalm?"},"content":{"rendered":"\t\t<div data-elementor-type=\"wp-post\" data-elementor-id=\"6989\" class=\"elementor elementor-6989 elementor-bc-flex-widget\">\n\t\t\t\t\t\t<section class=\"elementor-section elementor-top-section elementor-element elementor-element-5031945 elementor-section-boxed elementor-section-height-default elementor-section-height-default\" data-id=\"5031945\" data-element_type=\"section\">\n\t\t\t\t\t\t<div class=\"elementor-container elementor-column-gap-default\">\n\t\t\t\t\t<div class=\"elementor-column elementor-col-100 elementor-top-column elementor-element elementor-element-a68766f\" data-id=\"a68766f\" data-element_type=\"column\">\n\t\t\t<div class=\"elementor-widget-wrap elementor-element-populated\">\n\t\t\t\t\t\t<div class=\"elementor-element elementor-element-541db8a elementor-widget elementor-widget-heading\" data-id=\"541db8a\" data-element_type=\"widget\" data-widget_type=\"heading.default\">\n\t\t\t\t<div class=\"elementor-widget-container\">\n\t\t\t<h2 class=\"elementor-heading-title elementor-size-default\">La diff\u00e9rence trouve-t-elle sa place \u00e0 Vielsalm?<\/h2>\t\t<\/div>\n\t\t\t\t<\/div>\n\t\t\t\t\t<\/div>\n\t\t<\/div>\n\t\t\t\t\t<\/div>\n\t\t<\/section>\n\t\t\t\t<section class=\"elementor-section elementor-top-section elementor-element elementor-element-7af14f1 elementor-section-boxed elementor-section-height-default elementor-section-height-default\" data-id=\"7af14f1\" data-element_type=\"section\">\n\t\t\t\t\t\t<div class=\"elementor-container elementor-column-gap-default\">\n\t\t\t\t\t<div class=\"elementor-column elementor-col-100 elementor-top-column elementor-element elementor-element-5d535b2\" data-id=\"5d535b2\" data-element_type=\"column\">\n\t\t\t<div class=\"elementor-widget-wrap elementor-element-populated\">\n\t\t\t\t\t\t<div class=\"elementor-element elementor-element-93dec27 elementor-widget elementor-widget-text-editor\" data-id=\"93dec27\" data-element_type=\"widget\" data-widget_type=\"text-editor.default\">\n\t\t\t\t<div class=\"elementor-widget-container\">\n\t\t\t\t\t\t\t<div data-elementor-type=\"wp-post\" data-elementor-id=\"524\" class=\"elementor elementor-524\" data-elementor-settings=\"[]\"><div class=\"elementor-inner\"><div class=\"elementor-section-wrap\"><section class=\"elementor-element elementor-element-5a268b8a elementor-section-boxed elementor-section-height-default elementor-section-height-default elementor-section elementor-top-section\" data-id=\"5a268b8a\" data-element_type=\"section\"><div class=\"elementor-container elementor-column-gap-default\"><div class=\"elementor-row\"><div class=\"elementor-element elementor-element-72d75e6d elementor-column elementor-col-100 elementor-top-column\" data-id=\"72d75e6d\" data-element_type=\"column\"><div class=\"elementor-column-wrap  elementor-element-populated\"><div class=\"elementor-widget-wrap\"><div class=\"elementor-element elementor-element-5640caed elementor-widget elementor-widget-text-editor\" data-id=\"5640caed\" data-element_type=\"widget\" data-widget_type=\"text-editor.default\"><div class=\"elementor-widget-container\"><div class=\"elementor-text-editor elementor-clearfix\"><p style=\"text-align: justify;\"><strong>Parcours Sensoriel Adapt\u00e9 de +\/- 1 km dans les bois de So B\u00eachefa.<\/strong><\/p><p style=\"text-align: justify;\">Ce sentier, initi\u00e9 en partenariat avec le D\u00e9partement de la Nature et des For\u00eats et r\u00e9alis\u00e9 par l\u2019Asbl Les Hautes Ardennes et les Rangers, traverse le bois de B\u00eachefa. Le parcours est accessible aux PMR (Personnes \u00e0 Mobilit\u00e9 R\u00e9duite) et m\u00e8ne, au travers de sentiers et de caillebotis \u00e0 des modules de sant\u00e9 adapt\u00e9s. Tout au long de la promenade, les visiteurs peuvent \u00e9galement apercevoir les silhouettes d\u2019animaux r\u00e9alis\u00e9es par les Rangers et l\u2019Espace Vert de l\u2019Asbl Les Hautes Ardennes.<\/p><p style=\"text-align: justify;\"><img fetchpriority=\"high\" decoding=\"async\" data-attachment-id=\"529\" data-permalink=\"https:\/\/vacances-vielsalm.com\/2019\/10\/16\/la-difference-trouve-t-elle-sa-place-a-vielsalm\/bechefa\/\" data-orig-file=\"https:\/\/i0.wp.com\/vacances-vielsalm.com\/wp-content\/uploads\/2019\/10\/bechefa.jpg?fit=904%2C604&amp;ssl=1\" data-orig-size=\"904,604\" data-comments-opened=\"1\" data-image-meta=\"{&quot;aperture&quot;:&quot;0&quot;,&quot;credit&quot;:&quot;&quot;,&quot;camera&quot;:&quot;&quot;,&quot;caption&quot;:&quot;&quot;,&quot;created_timestamp&quot;:&quot;0&quot;,&quot;copyright&quot;:&quot;&quot;,&quot;focal_length&quot;:&quot;0&quot;,&quot;iso&quot;:&quot;0&quot;,&quot;shutter_speed&quot;:&quot;0&quot;,&quot;title&quot;:&quot;&quot;,&quot;orientation&quot;:&quot;0&quot;}\" data-image-title=\"bechefa\" data-image-description=\"\" data-medium-file=\"https:\/\/i0.wp.com\/vacances-vielsalm.com\/wp-content\/uploads\/2019\/10\/bechefa.jpg?fit=300%2C200&amp;ssl=1\" data-large-file=\"https:\/\/i0.wp.com\/vacances-vielsalm.com\/wp-content\/uploads\/2019\/10\/bechefa.jpg?fit=640%2C428&amp;ssl=1\" class=\"aligncenter wp-image-529 size-full\" src=\"https:\/\/i0.wp.com\/vacances-vielsalm.com\/wp-content\/uploads\/2019\/10\/bechefa.jpg?resize=640%2C428&amp;ssl=1\" alt=\"\" srcset=\"https:\/\/i0.wp.com\/vacances-vielsalm.com\/wp-content\/uploads\/2019\/10\/bechefa.jpg?w=904&amp;ssl=1 904w, https:\/\/i0.wp.com\/vacances-vielsalm.com\/wp-content\/uploads\/2019\/10\/bechefa.jpg?resize=300%2C200&amp;ssl=1 300w, https:\/\/i0.wp.com\/vacances-vielsalm.com\/wp-content\/uploads\/2019\/10\/bechefa.jpg?resize=768%2C513&amp;ssl=1 768w, https:\/\/i0.wp.com\/vacances-vielsalm.com\/wp-content\/uploads\/2019\/10\/bechefa.jpg?resize=272%2C182&amp;ssl=1 272w\" sizes=\"(max-width: 640px) 100vw, 640px\" width=\"528\" height=\"353\" \/><\/p><p style=\"text-align: justify;\"><strong>Le ponton de p\u00eache et le tour du Lac des Doyards. <img decoding=\"async\" data-attachment-id=\"530\" data-permalink=\"https:\/\/vacances-vielsalm.com\/2019\/10\/16\/la-difference-trouve-t-elle-sa-place-a-vielsalm\/pontonpeche2\/\" data-orig-file=\"https:\/\/i1.wp.com\/vacances-vielsalm.com\/wp-content\/uploads\/2019\/10\/pontonpeche2.jpg?fit=347%2C145&amp;ssl=1\" data-orig-size=\"347,145\" data-comments-opened=\"1\" data-image-meta=\"{&quot;aperture&quot;:&quot;0&quot;,&quot;credit&quot;:&quot;&quot;,&quot;camera&quot;:&quot;&quot;,&quot;caption&quot;:&quot;&quot;,&quot;created_timestamp&quot;:&quot;0&quot;,&quot;copyright&quot;:&quot;&quot;,&quot;focal_length&quot;:&quot;0&quot;,&quot;iso&quot;:&quot;0&quot;,&quot;shutter_speed&quot;:&quot;0&quot;,&quot;title&quot;:&quot;&quot;,&quot;orientation&quot;:&quot;0&quot;}\" data-image-title=\"pontonpeche2\" data-image-description=\"\" data-medium-file=\"https:\/\/i1.wp.com\/vacances-vielsalm.com\/wp-content\/uploads\/2019\/10\/pontonpeche2.jpg?fit=300%2C125&amp;ssl=1\" data-large-file=\"https:\/\/i1.wp.com\/vacances-vielsalm.com\/wp-content\/uploads\/2019\/10\/pontonpeche2.jpg?fit=347%2C145&amp;ssl=1\" class=\"size-medium wp-image-530 alignright\" src=\"https:\/\/i1.wp.com\/vacances-vielsalm.com\/wp-content\/uploads\/2019\/10\/pontonpeche2.jpg?resize=300%2C125&amp;ssl=1\" alt=\"\" srcset=\"https:\/\/i1.wp.com\/vacances-vielsalm.com\/wp-content\/uploads\/2019\/10\/pontonpeche2.jpg?w=347&amp;ssl=1 347w, https:\/\/i1.wp.com\/vacances-vielsalm.com\/wp-content\/uploads\/2019\/10\/pontonpeche2.jpg?resize=300%2C125&amp;ssl=1 300w\" sizes=\"(max-width: 300px) 100vw, 300px\" width=\"300\" height=\"125\" \/><\/strong><\/p><p style=\"text-align: justify;\">Depuis 2016, \u00e0 l\u2019initiative de la soci\u00e9t\u00e9 de p\u00eache de Vielsalm, un ponton de p\u00eache s\u00e9curis\u00e9 est mis \u00e0 disposition des personnes \u00e0 mobilit\u00e9 r\u00e9duite. Elles peuvent taquiner le goujon en toute s\u00e9curit\u00e9 et faire le tour du Lac des Doyards qui ne manque pas d\u2019attraits en toute saison.<\/p><p style=\"text-align: justify;\"><img decoding=\"async\" data-attachment-id=\"531\" data-permalink=\"https:\/\/vacances-vielsalm.com\/2019\/10\/16\/la-difference-trouve-t-elle-sa-place-a-vielsalm\/pontonpeche\/\" data-orig-file=\"https:\/\/i0.wp.com\/vacances-vielsalm.com\/wp-content\/uploads\/2019\/10\/pontonpeche.jpg?fit=660%2C440&amp;ssl=1\" data-orig-size=\"660,440\" data-comments-opened=\"1\" data-image-meta=\"{&quot;aperture&quot;:&quot;0&quot;,&quot;credit&quot;:&quot;&quot;,&quot;camera&quot;:&quot;&quot;,&quot;caption&quot;:&quot;&quot;,&quot;created_timestamp&quot;:&quot;0&quot;,&quot;copyright&quot;:&quot;&quot;,&quot;focal_length&quot;:&quot;0&quot;,&quot;iso&quot;:&quot;0&quot;,&quot;shutter_speed&quot;:&quot;0&quot;,&quot;title&quot;:&quot;&quot;,&quot;orientation&quot;:&quot;0&quot;}\" data-image-title=\"pontonpeche\" data-image-description=\"\" data-medium-file=\"https:\/\/i0.wp.com\/vacances-vielsalm.com\/wp-content\/uploads\/2019\/10\/pontonpeche.jpg?fit=300%2C200&amp;ssl=1\" data-large-file=\"https:\/\/i0.wp.com\/vacances-vielsalm.com\/wp-content\/uploads\/2019\/10\/pontonpeche.jpg?fit=640%2C427&amp;ssl=1\" class=\"aligncenter wp-image-531 size-full\" src=\"https:\/\/i0.wp.com\/vacances-vielsalm.com\/wp-content\/uploads\/2019\/10\/pontonpeche.jpg?resize=640%2C427&amp;ssl=1\" alt=\"\" srcset=\"https:\/\/i0.wp.com\/vacances-vielsalm.com\/wp-content\/uploads\/2019\/10\/pontonpeche.jpg?w=660&amp;ssl=1 660w, https:\/\/i0.wp.com\/vacances-vielsalm.com\/wp-content\/uploads\/2019\/10\/pontonpeche.jpg?resize=300%2C200&amp;ssl=1 300w, https:\/\/i0.wp.com\/vacances-vielsalm.com\/wp-content\/uploads\/2019\/10\/pontonpeche.jpg?resize=272%2C182&amp;ssl=1 272w\" sizes=\"(max-width: 640px) 100vw, 640px\" width=\"528\" height=\"352\" \/><\/p><p style=\"text-align: justify;\"><strong>La Maison du Pays de Salm<\/strong><\/p><p style=\"text-align: justify;\"><img loading=\"lazy\" decoding=\"async\" data-attachment-id=\"532\" data-permalink=\"https:\/\/vacances-vielsalm.com\/2019\/10\/16\/la-difference-trouve-t-elle-sa-place-a-vielsalm\/maisondupaysdesalm\/\" data-orig-file=\"https:\/\/i1.wp.com\/vacances-vielsalm.com\/wp-content\/uploads\/2019\/10\/maisondupaysdesalm.jpg?fit=275%2C183&amp;ssl=1\" data-orig-size=\"275,183\" data-comments-opened=\"1\" data-image-meta=\"{&quot;aperture&quot;:&quot;0&quot;,&quot;credit&quot;:&quot;&quot;,&quot;camera&quot;:&quot;&quot;,&quot;caption&quot;:&quot;&quot;,&quot;created_timestamp&quot;:&quot;0&quot;,&quot;copyright&quot;:&quot;&quot;,&quot;focal_length&quot;:&quot;0&quot;,&quot;iso&quot;:&quot;0&quot;,&quot;shutter_speed&quot;:&quot;0&quot;,&quot;title&quot;:&quot;&quot;,&quot;orientation&quot;:&quot;0&quot;}\" data-image-title=\"maisondupaysdesalm\" data-image-description=\"\" data-medium-file=\"https:\/\/i1.wp.com\/vacances-vielsalm.com\/wp-content\/uploads\/2019\/10\/maisondupaysdesalm.jpg?fit=275%2C183&amp;ssl=1\" data-large-file=\"https:\/\/i1.wp.com\/vacances-vielsalm.com\/wp-content\/uploads\/2019\/10\/maisondupaysdesalm.jpg?fit=275%2C183&amp;ssl=1\" class=\"size-full wp-image-532 alignleft\" src=\"https:\/\/i1.wp.com\/vacances-vielsalm.com\/wp-content\/uploads\/2019\/10\/maisondupaysdesalm.jpg?resize=275%2C183&amp;ssl=1\" alt=\"\" srcset=\"https:\/\/i1.wp.com\/vacances-vielsalm.com\/wp-content\/uploads\/2019\/10\/maisondupaysdesalm.jpg?w=275&amp;ssl=1 275w, https:\/\/i1.wp.com\/vacances-vielsalm.com\/wp-content\/uploads\/2019\/10\/maisondupaysdesalm.jpg?resize=272%2C182&amp;ssl=1 272w\" sizes=\"(max-width: 275px) 100vw, 275px\" width=\"275\" height=\"183\" \/><\/p><p style=\"text-align: justify;\">Ou quand la technologie moderne rencontre le pass\u00e9. Ebloui par des proc\u00e9d\u00e9s audiovisuels, le visiteur est plong\u00e9 dans la r\u00e9gion du\u00a0<strong>Val de Salm<\/strong>. Prenez garde ! Macrales (sorci\u00e8res), nutons et f\u00e9es ne sont pas loin\u2026<\/p><p style=\"text-align: justify;\">Parcours-d\u00e9couverte de la g\u00e9ologie, de l\u2019histoire et du folklore du\u00a0<strong>Pays de Salm<\/strong>. Apr\u00e8s un premier film didactique, parcourez les galeries au d\u00e9cor \u00e9trange. Puis soudain, p\u00e9n\u00e9trez au c\u0153ur du sabbat endiabl\u00e9 des Macralles du Val de Salm. Amateurs de frissons, venez jouer \u00e0 vous faire peur ! Nos l\u00e9gendes vous envo\u00fbteront\u2026<\/p><p style=\"text-align: justify;\">La\u00a0Maison du Pays de Salm\u00a0se visite en fran\u00e7ais, n\u00e9erlandais et allemand. Un parcours sp\u00e9cial enfants, avec un langage appropri\u00e9 et des supports adapt\u00e9s, permet une approche plus p\u00e9dagogique des lieux.<\/p><p style=\"text-align: justify;\"><strong>La \u00ab\u00a0S\u00a0\u00bb Grand Atelier<\/strong><\/p><p style=\"text-align: justify;\">La \u00ab S \u00bb Grand Atelier est une association artistique et culturelle rattach\u00e9e \u00e0 l\u2019asbl Les Hautes Ardennes, structure d\u2019aide aux personnes porteuses d\u2019un handicap mental. Ses ateliers et son espace polyvalent le Grand Atelier, se situent sur le site d\u2019une ancienne caserne de l\u2019arm\u00e9e belge \u00e0 Rencheux-Vielsalm.<\/p><p style=\"text-align: justify;\">La \u00ab\u00a0S\u00a0\u00bb Grand Atelier propose une s\u00e9rie d\u2019<a href=\"http:\/\/www.lasgrandatelier.be\/index.php\/fr\/ateliers\"><strong>ateliers de cr\u00e9ation<\/strong><\/a>\u00a0(arts plastiques et arts de la sc\u00e8ne) pour des artistes mentalement d\u00e9ficients.<\/p><p style=\"text-align: justify;\">De nombreuses expositions d\u2019artistes atteints ou non d\u2019un handicap mental y sont organis\u00e9es r\u00e9guli\u00e8rement, ainsi que des pi\u00e8ces de th\u00e9\u00e2tre ou encore des concerts (le groupe \u00ab\u00a0the Choolers\u00a0\u00bb y a vu le jour).<\/p><p style=\"text-align: justify;\">En continuit\u00e9 des salles d\u2019expositions de \u00ab\u00a0La S Grand Atelier\u00a0\u00bb, La Table des Hautes Ardennes vous accueillera dans un espace chaleureux, ouvert sur un jardin et une terrasse. La Table des Hautes Ardennes propose un menu du jour, en self-service, tous les jours de la semaine de 11 h 30 \u00e0 13 h 30. Vous pouvez consulter les menus sur leur site\u00a0: leshautesardennes.be.<\/p><p style=\"text-align: justify;\">Tous les jours, ils vous proposent, en plus du plat de jour : Boulettes \u00e0 la li\u00e9geoise, Vol au vent, Entrec\u00f4te de limousine, Hamburger, P\u00e2tes, Frites, Salad\u2019bar, ou sandwiches (sur commande par t\u00e9l\u00e9phone avant 10h)<\/p><p style=\"text-align: justify;\"><strong>Mais qui sont ces \u00ab Rangers \u00bb qui travaillent sans rel\u00e2che pour am\u00e9liorer les sentiers natures, les promenades et participent \u00e0 tant de projets pour la pr\u00e9servation de la faune et de la flore ?<\/strong><\/p><p style=\"text-align: justify;\"><img loading=\"lazy\" decoding=\"async\" data-attachment-id=\"534\" data-permalink=\"https:\/\/vacances-vielsalm.com\/2019\/10\/16\/la-difference-trouve-t-elle-sa-place-a-vielsalm\/rangers\/\" data-orig-file=\"https:\/\/i2.wp.com\/vacances-vielsalm.com\/wp-content\/uploads\/2019\/10\/rangers.jpg?fit=276%2C183&amp;ssl=1\" data-orig-size=\"276,183\" data-comments-opened=\"1\" data-image-meta=\"{&quot;aperture&quot;:&quot;0&quot;,&quot;credit&quot;:&quot;&quot;,&quot;camera&quot;:&quot;&quot;,&quot;caption&quot;:&quot;&quot;,&quot;created_timestamp&quot;:&quot;0&quot;,&quot;copyright&quot;:&quot;&quot;,&quot;focal_length&quot;:&quot;0&quot;,&quot;iso&quot;:&quot;0&quot;,&quot;shutter_speed&quot;:&quot;0&quot;,&quot;title&quot;:&quot;&quot;,&quot;orientation&quot;:&quot;0&quot;}\" data-image-title=\"rangers\" data-image-description=\"\" data-medium-file=\"https:\/\/i2.wp.com\/vacances-vielsalm.com\/wp-content\/uploads\/2019\/10\/rangers.jpg?fit=276%2C183&amp;ssl=1\" data-large-file=\"https:\/\/i2.wp.com\/vacances-vielsalm.com\/wp-content\/uploads\/2019\/10\/rangers.jpg?fit=276%2C183&amp;ssl=1\" class=\"size-full wp-image-534 alignleft\" src=\"https:\/\/i2.wp.com\/vacances-vielsalm.com\/wp-content\/uploads\/2019\/10\/rangers.jpg?resize=276%2C183&amp;ssl=1\" alt=\"\" width=\"276\" height=\"183\" \/><\/p><p style=\"text-align: justify;\">Le projet Rangers voit le jour au sein de l\u2019asbl Hautes Ardennes en 1995 lorsque l\u2019atelier prot\u00e9g\u00e9 se voit dans l\u2019obligation de licencier une partie de son personnel handicap\u00e9. Cela repr\u00e9sente une v\u00e9ritable perte de valorisation sociale pour ces personnes. La perte de ce statut socialement valoris\u00e9 provoque chez leur famille un r\u00e9el \u00ab rappel du handicap \u00bb et ravive des souffrances enfouies. L\u2019\u00e9quipe \u00e9ducative cherche alors des pistes de solution pour pr\u00e9server tant les aptitudes acquises que le statut social, qui offrait un emploi \u00e0 ces personnes d\u00e9favoris\u00e9es. De mani\u00e8re concomitante, elle explore les opportunit\u00e9s que peut offrir le contexte r\u00e9gional en termes d\u2019emploi ou d\u2019activit\u00e9s dites valorisantes. Les premi\u00e8res pr\u00e9occupations de l\u2019\u00e9quipe, les plus prosa\u00efques aussi, \u00e9taient de permettre \u00e0 ces personnes de conserver un statut socialement valoris\u00e9 tout en cherchant des activit\u00e9s qui exploiteraient leurs comp\u00e9tences. Cependant, les ambitions \u00e9taient aussi plus larges. Les professionnels avaient \u00e0 l\u2019esprit, par le biais d\u2019actions socialement valoris\u00e9es et visibles, de travailler, voire de faire \u00e9voluer, les repr\u00e9sentations sociales construites autour du handicap mental. Dans le m\u00eame ordre d\u2019id\u00e9es, il leur tenait \u00e0 c\u0153ur de modifier cette repr\u00e9sentation par trop n\u00e9gative de l\u2019allocataire social : une personne handicap\u00e9e serait, en tant que b\u00e9n\u00e9ficiaire d\u2019une allocation sociale, une personne au \u00ab crochet \u00bb de la soci\u00e9t\u00e9. C\u2019est dire que la r\u00e9flexion poussait l\u2019\u00e9quipe \u00e0 entrelacer la question de l\u2019utilit\u00e9 et de l\u2019identit\u00e9 sociales. Un \u00e9ducateur de l\u2019\u00e9quipe, Thierry Clesse, \u00e9tait particuli\u00e8rement sensibilis\u00e9 \u00e0 la probl\u00e9matique et poss\u00e9dait de r\u00e9elles comp\u00e9tences dans la gestion foresti\u00e8re. Ainsi est n\u00e9 et s\u2019est d\u00e9velopp\u00e9 le projet Rangers Trientale.<\/p><p style=\"text-align: justify;\">Depuis sa cr\u00e9ation, l\u2019activit\u00e9 a \u00e9volu\u00e9, chang\u00e9. Certains membres de l\u2019\u00e9quipe ont quitt\u00e9 l\u2019activit\u00e9, d\u2019autres sont venus s\u2019y greffer. Mais l\u2019activit\u00e9, victime de son succ\u00e8s, a doubl\u00e9 le nombre de ses participants. Le panel des travaux r\u00e9alis\u00e9s s\u2019est aussi \u00e9largi et s\u2019est adapt\u00e9 en fonction des comp\u00e9tences de chacun des membres ainsi que des diverses demandes \u00e9manant de nos partenaires.<\/p><p style=\"text-align: justify;\">Une \u00e9quipe dynamique et bien sympathique, qui ne cesse d\u2019am\u00e9liorer notre environnement. Une \u00e9quipe qui travaille parfois dans l\u2019ombre du grand public et qui m\u00e9rite d\u2019\u00eatre mise \u00e0 l\u2019honneur.<\/p><\/div><\/div><\/div><\/div><\/div><\/div><\/div><\/div><\/section><\/div><\/div><\/div>\t\t\t\t\t\t<\/div>\n\t\t\t\t<\/div>\n\t\t\t\t\t<\/div>\n\t\t<\/div>\n\t\t\t\t\t<\/div>\n\t\t<\/section>\n\t\t\t\t<\/div>\n\t\t","protected":false},"excerpt":{"rendered":"<p>La diff\u00e9rence trouve-t-elle sa place \u00e0 Vielsalm? Parcours Sensoriel Adapt\u00e9 de +\/- 1 km dans les bois de So B\u00eachefa. Ce sentier, initi\u00e9 en partenariat avec le D\u00e9partement de la Nature et des For\u00eats et r\u00e9alis\u00e9 par l\u2019Asbl Les Hautes Ardennes et les Rangers, traverse le bois de B\u00eachefa. Le [&hellip;]<\/p>\n","protected":false},"author":1,"featured_media":7148,"comment_status":"open","ping_status":"open","sticky":false,"template":"","format":"standard","meta":{"_monsterinsights_skip_tracking":false,"_monsterinsights_sitenote_active":false,"_monsterinsights_sitenote_note":"","_monsterinsights_sitenote_category":0,"footnotes":""},"categories":[13],"tags":[15,30,36],"class_list":["post-6989","post","type-post","status-publish","format-standard","has-post-thumbnail","hentry","category-patrimoine","tag-foret","tag-nature","tag-promenade"],"_links":{"self":[{"href":"https:\/\/www.vielsalm-tourisme.be\/fr\/index.php\/wp-json\/wp\/v2\/posts\/6989","targetHints":{"allow":["GET"]}}],"collection":[{"href":"https:\/\/www.vielsalm-tourisme.be\/fr\/index.php\/wp-json\/wp\/v2\/posts"}],"about":[{"href":"https:\/\/www.vielsalm-tourisme.be\/fr\/index.php\/wp-json\/wp\/v2\/types\/post"}],"author":[{"embeddable":true,"href":"https:\/\/www.vielsalm-tourisme.be\/fr\/index.php\/wp-json\/wp\/v2\/users\/1"}],"replies":[{"embeddable":true,"href":"https:\/\/www.vielsalm-tourisme.be\/fr\/index.php\/wp-json\/wp\/v2\/comments?post=6989"}],"version-history":[{"count":3,"href":"https:\/\/www.vielsalm-tourisme.be\/fr\/index.php\/wp-json\/wp\/v2\/posts\/6989\/revisions"}],"predecessor-version":[{"id":6992,"href":"https:\/\/www.vielsalm-tourisme.be\/fr\/index.php\/wp-json\/wp\/v2\/posts\/6989\/revisions\/6992"}],"wp:featuredmedia":[{"embeddable":true,"href":"https:\/\/www.vielsalm-tourisme.be\/fr\/index.php\/wp-json\/wp\/v2\/media\/7148"}],"wp:attachment":[{"href":"https:\/\/www.vielsalm-tourisme.be\/fr\/index.php\/wp-json\/wp\/v2\/media?parent=6989"}],"wp:term":[{"taxonomy":"category","embeddable":true,"href":"https:\/\/www.vielsalm-tourisme.be\/fr\/index.php\/wp-json\/wp\/v2\/categories?post=6989"},{"taxonomy":"post_tag","embeddable":true,"href":"https:\/\/www.vielsalm-tourisme.be\/fr\/index.php\/wp-json\/wp\/v2\/tags?post=6989"}],"curies":[{"name":"wp","href":"https:\/\/api.w.org\/{rel}","templated":true}]}}