{"id":6985,"date":"2020-03-18T10:28:05","date_gmt":"2020-03-18T09:28:05","guid":{"rendered":"https:\/\/www.vielsalm-tourisme.be\/fr\/?p=6985"},"modified":"2020-04-03T09:54:29","modified_gmt":"2020-04-03T07:54:29","slug":"redynamisation-de-la-gare-de-vielsalm","status":"publish","type":"post","link":"https:\/\/www.vielsalm-tourisme.be\/fr\/index.php\/2020\/03\/18\/redynamisation-de-la-gare-de-vielsalm\/","title":{"rendered":"Redynamisation de la gare de Vielsalm"},"content":{"rendered":"\t\t<div data-elementor-type=\"wp-post\" data-elementor-id=\"6985\" class=\"elementor elementor-6985 elementor-bc-flex-widget\">\n\t\t\t\t\t\t<section class=\"elementor-section elementor-top-section elementor-element elementor-element-b4f0968 elementor-section-boxed elementor-section-height-default elementor-section-height-default\" data-id=\"b4f0968\" data-element_type=\"section\">\n\t\t\t\t\t\t<div class=\"elementor-container elementor-column-gap-default\">\n\t\t\t\t\t<div class=\"elementor-column elementor-col-100 elementor-top-column elementor-element elementor-element-86be960\" data-id=\"86be960\" data-element_type=\"column\">\n\t\t\t<div class=\"elementor-widget-wrap elementor-element-populated\">\n\t\t\t\t\t\t<div class=\"elementor-element elementor-element-2bd7bc0 elementor-widget elementor-widget-heading\" data-id=\"2bd7bc0\" data-element_type=\"widget\" data-widget_type=\"heading.default\">\n\t\t\t\t<div class=\"elementor-widget-container\">\n\t\t\t<h2 class=\"elementor-heading-title elementor-size-default\">Redynamisation de la gare de Vielsalm<\/h2>\t\t<\/div>\n\t\t\t\t<\/div>\n\t\t\t\t\t<\/div>\n\t\t<\/div>\n\t\t\t\t\t<\/div>\n\t\t<\/section>\n\t\t\t\t<section class=\"elementor-section elementor-top-section elementor-element elementor-element-208a59e elementor-section-boxed elementor-section-height-default elementor-section-height-default\" data-id=\"208a59e\" data-element_type=\"section\">\n\t\t\t\t\t\t<div class=\"elementor-container elementor-column-gap-default\">\n\t\t\t\t\t<div class=\"elementor-column elementor-col-100 elementor-top-column elementor-element elementor-element-4d83f93\" data-id=\"4d83f93\" data-element_type=\"column\">\n\t\t\t<div class=\"elementor-widget-wrap elementor-element-populated\">\n\t\t\t\t\t\t<div class=\"elementor-element elementor-element-7466a08 elementor-widget elementor-widget-text-editor\" data-id=\"7466a08\" data-element_type=\"widget\" data-widget_type=\"text-editor.default\">\n\t\t\t\t<div class=\"elementor-widget-container\">\n\t\t\t\t\t\t\t<div data-elementor-type=\"wp-post\" data-elementor-id=\"610\" class=\"elementor elementor-610\" data-elementor-settings=\"[]\"><div class=\"elementor-inner\"><div class=\"elementor-section-wrap\"><section class=\"elementor-element elementor-element-6b424f08 elementor-section-boxed elementor-section-height-default elementor-section-height-default elementor-section elementor-top-section\" data-id=\"6b424f08\" data-element_type=\"section\"><div class=\"elementor-container elementor-column-gap-default\"><div class=\"elementor-row\"><div class=\"elementor-element elementor-element-520967e9 elementor-column elementor-col-100 elementor-top-column\" data-id=\"520967e9\" data-element_type=\"column\"><div class=\"elementor-column-wrap  elementor-element-populated\"><div class=\"elementor-widget-wrap\"><div class=\"elementor-element elementor-element-77b37450 elementor-widget elementor-widget-text-editor\" data-id=\"77b37450\" data-element_type=\"widget\" data-widget_type=\"text-editor.default\"><div class=\"elementor-widget-container\"><div class=\"elementor-text-editor elementor-clearfix\"><p><img fetchpriority=\"high\" decoding=\"async\" data-attachment-id=\"612\" data-permalink=\"https:\/\/vacances-vielsalm.com\/gareauxpetitsdejeuners\/\" data-orig-file=\"https:\/\/i2.wp.com\/vacances-vielsalm.com\/wp-content\/uploads\/2020\/01\/gareauxpetitsdejeuners.png?fit=960%2C616&amp;ssl=1\" data-orig-size=\"960,616\" data-comments-opened=\"1\" data-image-meta=\"{&quot;aperture&quot;:&quot;0&quot;,&quot;credit&quot;:&quot;&quot;,&quot;camera&quot;:&quot;&quot;,&quot;caption&quot;:&quot;&quot;,&quot;created_timestamp&quot;:&quot;0&quot;,&quot;copyright&quot;:&quot;&quot;,&quot;focal_length&quot;:&quot;0&quot;,&quot;iso&quot;:&quot;0&quot;,&quot;shutter_speed&quot;:&quot;0&quot;,&quot;title&quot;:&quot;&quot;,&quot;orientation&quot;:&quot;0&quot;}\" data-image-title=\"gareauxpetitsdejeuners\" data-image-description=\"\" data-medium-file=\"https:\/\/i2.wp.com\/vacances-vielsalm.com\/wp-content\/uploads\/2020\/01\/gareauxpetitsdejeuners.png?fit=300%2C193&amp;ssl=1\" data-large-file=\"https:\/\/i2.wp.com\/vacances-vielsalm.com\/wp-content\/uploads\/2020\/01\/gareauxpetitsdejeuners.png?fit=640%2C411&amp;ssl=1\" class=\"aligncenter wp-image-612 size-full\" src=\"https:\/\/i2.wp.com\/vacances-vielsalm.com\/wp-content\/uploads\/2020\/01\/gareauxpetitsdejeuners.png?resize=640%2C411&amp;ssl=1\" alt=\"\" srcset=\"https:\/\/i2.wp.com\/vacances-vielsalm.com\/wp-content\/uploads\/2020\/01\/gareauxpetitsdejeuners.png?w=960&amp;ssl=1 960w, https:\/\/i2.wp.com\/vacances-vielsalm.com\/wp-content\/uploads\/2020\/01\/gareauxpetitsdejeuners.png?resize=300%2C193&amp;ssl=1 300w, https:\/\/i2.wp.com\/vacances-vielsalm.com\/wp-content\/uploads\/2020\/01\/gareauxpetitsdejeuners.png?resize=768%2C493&amp;ssl=1 768w\" sizes=\"(max-width: 640px) 100vw, 640px\" width=\"528\" height=\"339\" \/><\/p><p style=\"text-align: justify;\">En partenariat avec l\u2019Administration communale de Vielsalm, le Syndicat d\u2019initiative a \u00e9tabli une concession de gestion avec Madame Christine Lignoul pour redynamiser ce magnifique b\u00e2timent de notre patrimoine b\u00e2ti.<\/p><p style=\"text-align: justify;\">Madame Lignoul a tout simplement sublim\u00e9 cet endroit pour en faire une caf\u00e9taria accueillante et chaleureuse. Une d\u00e9coration de bon go\u00fbt et originale, un service de qualit\u00e9 et toujours avec le sourire, voici les atouts de cet endroit incontournable.<\/p><p style=\"text-align: justify;\"><img decoding=\"async\" data-attachment-id=\"613\" data-permalink=\"https:\/\/vacances-vielsalm.com\/gareauxpetitsdejeuners2-png\/\" data-orig-file=\"https:\/\/i2.wp.com\/vacances-vielsalm.com\/wp-content\/uploads\/2020\/01\/gareauxpetitsdejeuners2.png.jpg?fit=1440%2C1919&amp;ssl=1\" data-orig-size=\"1440,1919\" data-comments-opened=\"1\" data-image-meta=\"{&quot;aperture&quot;:&quot;0&quot;,&quot;credit&quot;:&quot;&quot;,&quot;camera&quot;:&quot;&quot;,&quot;caption&quot;:&quot;&quot;,&quot;created_timestamp&quot;:&quot;0&quot;,&quot;copyright&quot;:&quot;&quot;,&quot;focal_length&quot;:&quot;0&quot;,&quot;iso&quot;:&quot;0&quot;,&quot;shutter_speed&quot;:&quot;0&quot;,&quot;title&quot;:&quot;&quot;,&quot;orientation&quot;:&quot;0&quot;}\" data-image-title=\"gareauxpetitsdejeuners2.png\" data-image-description=\"\" data-medium-file=\"https:\/\/i2.wp.com\/vacances-vielsalm.com\/wp-content\/uploads\/2020\/01\/gareauxpetitsdejeuners2.png.jpg?fit=225%2C300&amp;ssl=1\" data-large-file=\"https:\/\/i2.wp.com\/vacances-vielsalm.com\/wp-content\/uploads\/2020\/01\/gareauxpetitsdejeuners2.png.jpg?fit=640%2C853&amp;ssl=1\" class=\"alignnone wp-image-613 size-full\" src=\"https:\/\/i2.wp.com\/vacances-vielsalm.com\/wp-content\/uploads\/2020\/01\/gareauxpetitsdejeuners2.png.jpg?resize=640%2C853&amp;ssl=1\" alt=\"\" data-recalc-dims=\"1\" srcset=\"https:\/\/i2.wp.com\/vacances-vielsalm.com\/wp-content\/uploads\/2020\/01\/gareauxpetitsdejeuners2.png.jpg?w=1440&amp;ssl=1 1440w, https:\/\/i2.wp.com\/vacances-vielsalm.com\/wp-content\/uploads\/2020\/01\/gareauxpetitsdejeuners2.png.jpg?resize=225%2C300&amp;ssl=1 225w, https:\/\/i2.wp.com\/vacances-vielsalm.com\/wp-content\/uploads\/2020\/01\/gareauxpetitsdejeuners2.png.jpg?resize=768%2C1023&amp;ssl=1 768w, https:\/\/i2.wp.com\/vacances-vielsalm.com\/wp-content\/uploads\/2020\/01\/gareauxpetitsdejeuners2.png.jpg?resize=1153%2C1536&amp;ssl=1 1153w, https:\/\/i2.wp.com\/vacances-vielsalm.com\/wp-content\/uploads\/2020\/01\/gareauxpetitsdejeuners2.png.jpg?w=1280&amp;ssl=1 1280w\" sizes=\"(max-width: 640px) 100vw, 640px\" width=\"640\" height=\"853\" \/><\/p><p style=\"text-align: justify;\">Cette \u00ab\u00a0Gare aux petits d\u00e9jeuners\u00a0\u00bb est ouverte tous les jours de 6 h 30 \u00e0 14 h 30 sauf les dimanches et jours f\u00e9ri\u00e9s.<\/p><p style=\"text-align: justify;\">Vous pourrez y prendre votre petit d\u00e9jeuner, boire un caf\u00e9, acheter un sandwich ou l\u2019emporter\u2026<\/p><p style=\"text-align: justify;\">Je vous invite \u00e0 aller visiter sa page Facebook : gare aux petits-d\u00e9jeuners. Pour tout autre renseignement ou pour commander, vous pouvez le faire par sms ou en appelant au 0491\/ 36 54 26.<\/p><p><img decoding=\"async\" data-attachment-id=\"614\" data-permalink=\"https:\/\/vacances-vielsalm.com\/gareauxpetitsdejeuners3\/\" data-orig-file=\"https:\/\/i0.wp.com\/vacances-vielsalm.com\/wp-content\/uploads\/2020\/01\/gareauxpetitsdejeuners3.png?fit=716%2C960&amp;ssl=1\" data-orig-size=\"716,960\" data-comments-opened=\"1\" data-image-meta=\"{&quot;aperture&quot;:&quot;0&quot;,&quot;credit&quot;:&quot;&quot;,&quot;camera&quot;:&quot;&quot;,&quot;caption&quot;:&quot;&quot;,&quot;created_timestamp&quot;:&quot;0&quot;,&quot;copyright&quot;:&quot;&quot;,&quot;focal_length&quot;:&quot;0&quot;,&quot;iso&quot;:&quot;0&quot;,&quot;shutter_speed&quot;:&quot;0&quot;,&quot;title&quot;:&quot;&quot;,&quot;orientation&quot;:&quot;0&quot;}\" data-image-title=\"gareauxpetitsdejeuners3\" data-image-description=\"\" data-medium-file=\"https:\/\/i0.wp.com\/vacances-vielsalm.com\/wp-content\/uploads\/2020\/01\/gareauxpetitsdejeuners3.png?fit=224%2C300&amp;ssl=1\" data-large-file=\"https:\/\/i0.wp.com\/vacances-vielsalm.com\/wp-content\/uploads\/2020\/01\/gareauxpetitsdejeuners3.png?fit=640%2C858&amp;ssl=1\" class=\"alignnone wp-image-614 size-full\" src=\"https:\/\/i0.wp.com\/vacances-vielsalm.com\/wp-content\/uploads\/2020\/01\/gareauxpetitsdejeuners3.png?resize=640%2C858&amp;ssl=1\" alt=\"\" data-recalc-dims=\"1\" srcset=\"https:\/\/i0.wp.com\/vacances-vielsalm.com\/wp-content\/uploads\/2020\/01\/gareauxpetitsdejeuners3.png?w=716&amp;ssl=1 716w, https:\/\/i0.wp.com\/vacances-vielsalm.com\/wp-content\/uploads\/2020\/01\/gareauxpetitsdejeuners3.png?resize=224%2C300&amp;ssl=1 224w\" sizes=\"(max-width: 640px) 100vw, 640px\" width=\"640\" height=\"858\" \/><\/p><\/div><\/div><\/div><\/div><\/div><\/div><\/div><\/div><\/section><\/div><\/div><\/div>\t\t\t\t\t\t<\/div>\n\t\t\t\t<\/div>\n\t\t\t\t\t<\/div>\n\t\t<\/div>\n\t\t\t\t\t<\/div>\n\t\t<\/section>\n\t\t\t\t<\/div>\n\t\t","protected":false},"excerpt":{"rendered":"<p>Redynamisation de la gare de Vielsalm En partenariat avec l\u2019Administration communale de Vielsalm, le Syndicat d\u2019initiative a \u00e9tabli une concession de gestion avec Madame Christine Lignoul pour redynamiser ce magnifique b\u00e2timent de notre patrimoine b\u00e2ti. Madame Lignoul a tout simplement sublim\u00e9 cet endroit pour en faire une caf\u00e9taria accueillante et [&hellip;]<\/p>\n","protected":false},"author":1,"featured_media":7146,"comment_status":"open","ping_status":"open","sticky":false,"template":"","format":"standard","meta":{"_monsterinsights_skip_tracking":false,"_monsterinsights_sitenote_active":false,"_monsterinsights_sitenote_note":"","_monsterinsights_sitenote_category":0,"footnotes":""},"categories":[12],"tags":[35,34,32,33],"class_list":["post-6985","post","type-post","status-publish","format-standard","has-post-thumbnail","hentry","category-partenaire-touristique","tag-gare","tag-petit-dejeuner","tag-petite-restauration","tag-sandwich"],"_links":{"self":[{"href":"https:\/\/www.vielsalm-tourisme.be\/fr\/index.php\/wp-json\/wp\/v2\/posts\/6985","targetHints":{"allow":["GET"]}}],"collection":[{"href":"https:\/\/www.vielsalm-tourisme.be\/fr\/index.php\/wp-json\/wp\/v2\/posts"}],"about":[{"href":"https:\/\/www.vielsalm-tourisme.be\/fr\/index.php\/wp-json\/wp\/v2\/types\/post"}],"author":[{"embeddable":true,"href":"https:\/\/www.vielsalm-tourisme.be\/fr\/index.php\/wp-json\/wp\/v2\/users\/1"}],"replies":[{"embeddable":true,"href":"https:\/\/www.vielsalm-tourisme.be\/fr\/index.php\/wp-json\/wp\/v2\/comments?post=6985"}],"version-history":[{"count":3,"href":"https:\/\/www.vielsalm-tourisme.be\/fr\/index.php\/wp-json\/wp\/v2\/posts\/6985\/revisions"}],"predecessor-version":[{"id":6988,"href":"https:\/\/www.vielsalm-tourisme.be\/fr\/index.php\/wp-json\/wp\/v2\/posts\/6985\/revisions\/6988"}],"wp:featuredmedia":[{"embeddable":true,"href":"https:\/\/www.vielsalm-tourisme.be\/fr\/index.php\/wp-json\/wp\/v2\/media\/7146"}],"wp:attachment":[{"href":"https:\/\/www.vielsalm-tourisme.be\/fr\/index.php\/wp-json\/wp\/v2\/media?parent=6985"}],"wp:term":[{"taxonomy":"category","embeddable":true,"href":"https:\/\/www.vielsalm-tourisme.be\/fr\/index.php\/wp-json\/wp\/v2\/categories?post=6985"},{"taxonomy":"post_tag","embeddable":true,"href":"https:\/\/www.vielsalm-tourisme.be\/fr\/index.php\/wp-json\/wp\/v2\/tags?post=6985"}],"curies":[{"name":"wp","href":"https:\/\/api.w.org\/{rel}","templated":true}]}}