{"id":6976,"date":"2020-03-18T10:19:38","date_gmt":"2020-03-18T09:19:38","guid":{"rendered":"https:\/\/www.vielsalm-tourisme.be\/fr\/?p=6976"},"modified":"2020-04-03T09:55:49","modified_gmt":"2020-04-03T07:55:49","slug":"le-restaurant-lecurie-a-grand-halleux","status":"publish","type":"post","link":"https:\/\/www.vielsalm-tourisme.be\/fr\/index.php\/2020\/03\/18\/le-restaurant-lecurie-a-grand-halleux\/","title":{"rendered":"Le restaurant L\u2019\u00c9curie \u00e0 Grand-Halleux"},"content":{"rendered":"\t\t<div data-elementor-type=\"wp-post\" data-elementor-id=\"6976\" class=\"elementor elementor-6976 elementor-bc-flex-widget\">\n\t\t\t\t\t\t<section class=\"elementor-section elementor-top-section elementor-element elementor-element-b40f747 elementor-section-boxed elementor-section-height-default elementor-section-height-default\" data-id=\"b40f747\" data-element_type=\"section\">\n\t\t\t\t\t\t<div class=\"elementor-container elementor-column-gap-default\">\n\t\t\t\t\t<div class=\"elementor-column elementor-col-100 elementor-top-column elementor-element elementor-element-3ee5f76\" data-id=\"3ee5f76\" data-element_type=\"column\">\n\t\t\t<div class=\"elementor-widget-wrap elementor-element-populated\">\n\t\t\t\t\t\t<div class=\"elementor-element elementor-element-4bdbf78 elementor-widget elementor-widget-heading\" data-id=\"4bdbf78\" data-element_type=\"widget\" data-widget_type=\"heading.default\">\n\t\t\t\t<div class=\"elementor-widget-container\">\n\t\t\t<h2 class=\"elementor-heading-title elementor-size-default\">Le restaurant \"L\u2019\u00c9curie\" \u00e0 Grand-Halleux<\/h2>\t\t<\/div>\n\t\t\t\t<\/div>\n\t\t\t\t\t<\/div>\n\t\t<\/div>\n\t\t\t\t\t<\/div>\n\t\t<\/section>\n\t\t\t\t<section class=\"elementor-section elementor-top-section elementor-element elementor-element-5318cc8 elementor-section-boxed elementor-section-height-default elementor-section-height-default\" data-id=\"5318cc8\" data-element_type=\"section\">\n\t\t\t\t\t\t<div class=\"elementor-container elementor-column-gap-default\">\n\t\t\t\t\t<div class=\"elementor-column elementor-col-100 elementor-top-column elementor-element elementor-element-d70aa4f\" data-id=\"d70aa4f\" data-element_type=\"column\">\n\t\t\t<div class=\"elementor-widget-wrap elementor-element-populated\">\n\t\t\t\t\t\t<div class=\"elementor-element elementor-element-fe6e0f6 elementor-widget elementor-widget-text-editor\" data-id=\"fe6e0f6\" data-element_type=\"widget\" data-widget_type=\"text-editor.default\">\n\t\t\t\t<div class=\"elementor-widget-container\">\n\t\t\t\t\t\t\t<p style=\"text-align: justify;\">Quel accueil\u00a0! Quelle gentillesse\u00a0! Quel savoir-faire\u00a0! Quelle belle rencontre\u00a0!<\/p><p style=\"text-align: justify;\">Il y aura bient\u00f4t 40 ans, Vanni Zangrandi et sa charmante \u00e9pouse Marie-Christine sont venus s\u2019installer dans notre belle r\u00e9gion avec un projet audacieux\u00a0: transformer les d\u00e9pendances d\u2019un ancien pensionnat (b\u00e2timent de 1890) en restaurant. Ils n\u2019avaient pas froid aux yeux car le b\u00e2timent demandait une restauration compl\u00e8te et les abords n\u2019avaient plus \u00e9t\u00e9 entretenus depuis belle lurette. Mais la fougue de leur jeunesse leur a permis, \u00e0 force de travail, de faire de leur r\u00eave une r\u00e9alit\u00e9 et de cet endroit un magnifique \u00e9tablissement nich\u00e9 dans un \u00e9crin de verdure.<\/p><p style=\"text-align: justify;\"><img fetchpriority=\"high\" decoding=\"async\" data-attachment-id=\"541\" data-permalink=\"https:\/\/vacances-vielsalm.com\/restaurant_lecurie\/\" data-orig-file=\"https:\/\/i1.wp.com\/vacances-vielsalm.com\/wp-content\/uploads\/2019\/10\/restaurant_lecurie.jpg?fit=2102%2C1500&amp;ssl=1\" data-orig-size=\"2102,1500\" data-comments-opened=\"1\" data-image-meta=\"{&quot;aperture&quot;:&quot;0&quot;,&quot;credit&quot;:&quot;Picasa&quot;,&quot;camera&quot;:&quot;Nikon SUPER COOLSCAN 8000 ED&quot;,&quot;caption&quot;:&quot;&quot;,&quot;created_timestamp&quot;:&quot;17387727&quot;,&quot;copyright&quot;:&quot;&quot;,&quot;focal_length&quot;:&quot;0&quot;,&quot;iso&quot;:&quot;0&quot;,&quot;shutter_speed&quot;:&quot;0&quot;,&quot;title&quot;:&quot;&quot;,&quot;orientation&quot;:&quot;0&quot;}\" data-image-title=\"restaurant_lecurie\" data-image-description=\"\" data-medium-file=\"https:\/\/i1.wp.com\/vacances-vielsalm.com\/wp-content\/uploads\/2019\/10\/restaurant_lecurie.jpg?fit=300%2C214&amp;ssl=1\" data-large-file=\"https:\/\/i1.wp.com\/vacances-vielsalm.com\/wp-content\/uploads\/2019\/10\/restaurant_lecurie.jpg?fit=640%2C457&amp;ssl=1\" class=\"aligncenter wp-image-541 size-full\" src=\"https:\/\/i1.wp.com\/vacances-vielsalm.com\/wp-content\/uploads\/2019\/10\/restaurant_lecurie.jpg?resize=640%2C457&amp;ssl=1\" alt=\"\" data-recalc-dims=\"1\" srcset=\"https:\/\/i1.wp.com\/vacances-vielsalm.com\/wp-content\/uploads\/2019\/10\/restaurant_lecurie.jpg?w=2102&amp;ssl=1 2102w, https:\/\/i1.wp.com\/vacances-vielsalm.com\/wp-content\/uploads\/2019\/10\/restaurant_lecurie.jpg?resize=300%2C214&amp;ssl=1 300w, https:\/\/i1.wp.com\/vacances-vielsalm.com\/wp-content\/uploads\/2019\/10\/restaurant_lecurie.jpg?resize=768%2C548&amp;ssl=1 768w, https:\/\/i1.wp.com\/vacances-vielsalm.com\/wp-content\/uploads\/2019\/10\/restaurant_lecurie.jpg?resize=1024%2C731&amp;ssl=1 1024w, https:\/\/i1.wp.com\/vacances-vielsalm.com\/wp-content\/uploads\/2019\/10\/restaurant_lecurie.jpg?w=1280&amp;ssl=1 1280w, https:\/\/i1.wp.com\/vacances-vielsalm.com\/wp-content\/uploads\/2019\/10\/restaurant_lecurie.jpg?w=1920&amp;ssl=1 1920w\" sizes=\"(max-width: 640px) 100vw, 640px\" width=\"640\" height=\"457\" \/><\/p><p style=\"text-align: justify;\">Originaire d\u2019Italie, Vanni a travaill\u00e9 dans le restaurant de son fr\u00e8re, \u00e0 Tubize, d\u00e8s son plus jeune \u00e2ge. Il est \u00e9galement pass\u00e9 par des \u00e9tablissements prestigieux o\u00f9 il a appris \u00e0 travailler vite et bien. Il n\u2019avait que 22 ans lors de l\u2019acquisition de son \u00e9tablissement et d\u00e9j\u00e0 une solide exp\u00e9rience en cuisine italienne et fran\u00e7aise. Son \u00e9pouse, enseignante de formation, a \u00e9t\u00e9 contamin\u00e9e par le virus et g\u00e8re la cuisine d\u2019une main de ma\u00eetre. Chaque jour, elle pr\u00e9pare de ses mains les p\u00e2tes fra\u00eeches qui vous seront servies. La qualit\u00e9 des produits est essentielle pour ces passionn\u00e9s de cuisine. Tout est minutieusement choisi et minutieusement dos\u00e9 pour r\u00e9aliser des explosions de saveurs dont vos papilles se souviendront longtemps\u00a0!<\/p><p style=\"text-align: justify;\"><img decoding=\"async\" data-attachment-id=\"544\" data-permalink=\"https:\/\/vacances-vielsalm.com\/plat-01-scampi-a-la-vapeur-aux-petits-legumes-sauce-fine-bouche\/\" data-orig-file=\"https:\/\/i2.wp.com\/vacances-vielsalm.com\/wp-content\/uploads\/2019\/10\/Plat-01-Scampi-\u00e0-la-vapeur-aux-petits-l\u00e9gumes-sauce-fine-bouche.jpg?fit=2957%2C2960&amp;ssl=1\" data-orig-size=\"2957,2960\" data-comments-opened=\"1\" data-image-meta=\"{&quot;aperture&quot;:&quot;1.9&quot;,&quot;credit&quot;:&quot;Picasa&quot;,&quot;camera&quot;:&quot;SM-J500FN&quot;,&quot;caption&quot;:&quot;&quot;,&quot;created_timestamp&quot;:&quot;1520688050&quot;,&quot;copyright&quot;:&quot;&quot;,&quot;focal_length&quot;:&quot;3.7&quot;,&quot;iso&quot;:&quot;80&quot;,&quot;shutter_speed&quot;:&quot;0.03030303030303&quot;,&quot;title&quot;:&quot;&quot;,&quot;orientation&quot;:&quot;0&quot;}\" data-image-title=\"Plat 01 Scampi \u00e0 la vapeur aux petits l\u00e9gumes sauce fine-bouche\" data-image-description=\"\" data-medium-file=\"https:\/\/i2.wp.com\/vacances-vielsalm.com\/wp-content\/uploads\/2019\/10\/Plat-01-Scampi-\u00e0-la-vapeur-aux-petits-l\u00e9gumes-sauce-fine-bouche.jpg?fit=300%2C300&amp;ssl=1\" data-large-file=\"https:\/\/i2.wp.com\/vacances-vielsalm.com\/wp-content\/uploads\/2019\/10\/Plat-01-Scampi-\u00e0-la-vapeur-aux-petits-l\u00e9gumes-sauce-fine-bouche.jpg?fit=640%2C640&amp;ssl=1\" class=\"aligncenter wp-image-544 size-full\" src=\"https:\/\/i2.wp.com\/vacances-vielsalm.com\/wp-content\/uploads\/2019\/10\/Plat-01-Scampi-\u00e0-la-vapeur-aux-petits-l\u00e9gumes-sauce-fine-bouche.jpg?resize=640%2C641&amp;ssl=1\" alt=\"\" data-recalc-dims=\"1\" srcset=\"https:\/\/i2.wp.com\/vacances-vielsalm.com\/wp-content\/uploads\/2019\/10\/Plat-01-Scampi-\u00e0-la-vapeur-aux-petits-l\u00e9gumes-sauce-fine-bouche.jpg?w=2957&amp;ssl=1 2957w, https:\/\/i2.wp.com\/vacances-vielsalm.com\/wp-content\/uploads\/2019\/10\/Plat-01-Scampi-\u00e0-la-vapeur-aux-petits-l\u00e9gumes-sauce-fine-bouche.jpg?resize=150%2C150&amp;ssl=1 150w, https:\/\/i2.wp.com\/vacances-vielsalm.com\/wp-content\/uploads\/2019\/10\/Plat-01-Scampi-\u00e0-la-vapeur-aux-petits-l\u00e9gumes-sauce-fine-bouche.jpg?resize=300%2C300&amp;ssl=1 300w, https:\/\/i2.wp.com\/vacances-vielsalm.com\/wp-content\/uploads\/2019\/10\/Plat-01-Scampi-\u00e0-la-vapeur-aux-petits-l\u00e9gumes-sauce-fine-bouche.jpg?resize=768%2C769&amp;ssl=1 768w, https:\/\/i2.wp.com\/vacances-vielsalm.com\/wp-content\/uploads\/2019\/10\/Plat-01-Scampi-\u00e0-la-vapeur-aux-petits-l\u00e9gumes-sauce-fine-bouche.jpg?resize=1024%2C1024&amp;ssl=1 1024w, https:\/\/i2.wp.com\/vacances-vielsalm.com\/wp-content\/uploads\/2019\/10\/Plat-01-Scampi-\u00e0-la-vapeur-aux-petits-l\u00e9gumes-sauce-fine-bouche.jpg?w=1280&amp;ssl=1 1280w, https:\/\/i2.wp.com\/vacances-vielsalm.com\/wp-content\/uploads\/2019\/10\/Plat-01-Scampi-\u00e0-la-vapeur-aux-petits-l\u00e9gumes-sauce-fine-bouche.jpg?w=1920&amp;ssl=1 1920w\" sizes=\"(max-width: 640px) 100vw, 640px\" width=\"640\" height=\"641\" \/><\/p><p style=\"text-align: justify;\">Le restaurant poss\u00e8de une splendide cave \u00e0 vins o\u00f9 les meilleurs crus italiens reposent en attendant d\u2019\u00eatre d\u00e9gust\u00e9s.<\/p><p style=\"text-align: justify;\">La carte vous propose une cuisine g\u00e9n\u00e9reuse. Que vous soyez amateur de p\u00e2tes, de poisson, de veau, de volaille ou encore de b\u0153uf\u2026 aucun doute, vous trouverez de quoi satisfaire vos envies. Dans le respect de tous, le chef propose \u00e9galement des plats v\u00e9g\u00e9tariens.<\/p><p style=\"text-align: justify;\">Le cadre est id\u00e9al pour vos banquets, mariages, communions, r\u00e9unions de famille.<\/p><p style=\"text-align: justify;\"><img decoding=\"async\" data-attachment-id=\"543\" data-permalink=\"https:\/\/vacances-vielsalm.com\/lecurie\/\" data-orig-file=\"https:\/\/i2.wp.com\/vacances-vielsalm.com\/wp-content\/uploads\/2019\/10\/lecurie.jpg?fit=2672%2C1503&amp;ssl=1\" data-orig-size=\"2672,1503\" data-comments-opened=\"1\" data-image-meta=\"{&quot;aperture&quot;:&quot;0&quot;,&quot;credit&quot;:&quot;Picasa&quot;,&quot;camera&quot;:&quot;&quot;,&quot;caption&quot;:&quot;&quot;,&quot;created_timestamp&quot;:&quot;1525710109&quot;,&quot;copyright&quot;:&quot;&quot;,&quot;focal_length&quot;:&quot;0&quot;,&quot;iso&quot;:&quot;0&quot;,&quot;shutter_speed&quot;:&quot;0&quot;,&quot;title&quot;:&quot;&quot;,&quot;orientation&quot;:&quot;0&quot;}\" data-image-title=\"lecurie\" data-image-description=\"\" data-medium-file=\"https:\/\/i2.wp.com\/vacances-vielsalm.com\/wp-content\/uploads\/2019\/10\/lecurie.jpg?fit=300%2C169&amp;ssl=1\" data-large-file=\"https:\/\/i2.wp.com\/vacances-vielsalm.com\/wp-content\/uploads\/2019\/10\/lecurie.jpg?fit=640%2C360&amp;ssl=1\" class=\"aligncenter wp-image-543 size-full\" src=\"https:\/\/i2.wp.com\/vacances-vielsalm.com\/wp-content\/uploads\/2019\/10\/lecurie.jpg?resize=640%2C360&amp;ssl=1\" alt=\"\" srcset=\"https:\/\/i2.wp.com\/vacances-vielsalm.com\/wp-content\/uploads\/2019\/10\/lecurie.jpg?w=2672&amp;ssl=1 2672w, https:\/\/i2.wp.com\/vacances-vielsalm.com\/wp-content\/uploads\/2019\/10\/lecurie.jpg?resize=300%2C169&amp;ssl=1 300w, https:\/\/i2.wp.com\/vacances-vielsalm.com\/wp-content\/uploads\/2019\/10\/lecurie.jpg?resize=768%2C432&amp;ssl=1 768w, https:\/\/i2.wp.com\/vacances-vielsalm.com\/wp-content\/uploads\/2019\/10\/lecurie.jpg?resize=1024%2C576&amp;ssl=1 1024w, https:\/\/i2.wp.com\/vacances-vielsalm.com\/wp-content\/uploads\/2019\/10\/lecurie.jpg?w=1280&amp;ssl=1 1280w, https:\/\/i2.wp.com\/vacances-vielsalm.com\/wp-content\/uploads\/2019\/10\/lecurie.jpg?w=1920&amp;ssl=1 1920w\" sizes=\"(max-width: 640px) 100vw, 640px\" width=\"528\" height=\"297\" \/><\/p><p style=\"text-align: justify;\">Vous pouvez \u00e9galement b\u00e9n\u00e9ficier d\u2019un service traiteur ou encore emporter tous les plats de la carte. Si vous pr\u00e9f\u00e9rez les menus vous pourrez appr\u00e9cier le menu touristique 3 services, le menu de d\u00e9gustation des p\u00e2tes maison 4 services ou encore le menu du march\u00e9 en 4 services (menu qui change chaque jour en fonction des produits du moment).<\/p><p style=\"text-align: justify;\">Les week-ends gastronomiques et le gibier, en saison, viennent compl\u00e9ter toutes ces offres.<\/p><p style=\"text-align: justify;\">Alors les gourmets\u2026 tent\u00e9s\u00a0?<\/p><p style=\"text-align: justify;\">Voici les coordonn\u00e9s de ce bel endroit qui m\u00e9rite le d\u00e9tour, tant pour sa cuisine, que pour l\u2019accueil chaleureux des propri\u00e9taires et la beaut\u00e9 de l\u2019environnement.<\/p><p style=\"text-align: justify;\"><strong>Restaurant \u00ab l\u2019\u00c9curie \u00bb: <\/strong><strong>Avenue de la R\u00e9sistance 30 \u00e0 6698 Grand-Halleux<\/strong><\/p><p style=\"text-align: justify;\"><strong><span>E-mail<\/span> :\u00a0<\/strong><a href=\"mailto:restaurant.ecurie@swign.be\"><strong>restaurant.ecurie@swign.be <\/strong><\/a><strong><span>T\u00e9l\u00e9phone<\/span>\u00a0: 080\/ 21 59 54<\/strong><\/p><p style=\"text-align: justify;\"><strong>D\u2019illustres personnages, tels que Son Altesse le Prince Laurent, Renaud Rutten, Eddy Merckx, Albert Cougnet et tant d\u2019autres, sont d\u00e9j\u00e0 pass\u00e9s par l\u00e0 et ont laiss\u00e9 leurs messages dans le grand livre d\u2019or de l\u2019\u00e9tablissement.<\/strong><\/p><p><img loading=\"lazy\" decoding=\"async\" data-attachment-id=\"545\" data-permalink=\"https:\/\/vacances-vielsalm.com\/10-pascal-duquenne-acteur\/\" data-orig-file=\"https:\/\/i0.wp.com\/vacances-vielsalm.com\/wp-content\/uploads\/2019\/10\/10-Pascal-Duquenne-acteur.jpg?fit=1813%2C1921&amp;ssl=1\" data-orig-size=\"1813,1921\" data-comments-opened=\"1\" data-image-meta=\"{&quot;aperture&quot;:&quot;0&quot;,&quot;credit&quot;:&quot;&quot;,&quot;camera&quot;:&quot;&quot;,&quot;caption&quot;:&quot;&quot;,&quot;created_timestamp&quot;:&quot;0&quot;,&quot;copyright&quot;:&quot;&quot;,&quot;focal_length&quot;:&quot;0&quot;,&quot;iso&quot;:&quot;0&quot;,&quot;shutter_speed&quot;:&quot;0&quot;,&quot;title&quot;:&quot;&quot;,&quot;orientation&quot;:&quot;0&quot;}\" data-image-title=\"10) Pascal Duquenne (acteur)\" data-image-description=\"\" data-medium-file=\"https:\/\/i0.wp.com\/vacances-vielsalm.com\/wp-content\/uploads\/2019\/10\/10-Pascal-Duquenne-acteur.jpg?fit=283%2C300&amp;ssl=1\" data-large-file=\"https:\/\/i0.wp.com\/vacances-vielsalm.com\/wp-content\/uploads\/2019\/10\/10-Pascal-Duquenne-acteur.jpg?fit=640%2C678&amp;ssl=1\" class=\"alignnone size-medium wp-image-545\" src=\"https:\/\/i0.wp.com\/vacances-vielsalm.com\/wp-content\/uploads\/2019\/10\/10-Pascal-Duquenne-acteur.jpg?resize=283%2C300&amp;ssl=1\" alt=\"\" data-recalc-dims=\"1\" srcset=\"https:\/\/i0.wp.com\/vacances-vielsalm.com\/wp-content\/uploads\/2019\/10\/10-Pascal-Duquenne-acteur.jpg?w=1813&amp;ssl=1 1813w, https:\/\/i0.wp.com\/vacances-vielsalm.com\/wp-content\/uploads\/2019\/10\/10-Pascal-Duquenne-acteur.jpg?resize=283%2C300&amp;ssl=1 283w, https:\/\/i0.wp.com\/vacances-vielsalm.com\/wp-content\/uploads\/2019\/10\/10-Pascal-Duquenne-acteur.jpg?resize=768%2C814&amp;ssl=1 768w, https:\/\/i0.wp.com\/vacances-vielsalm.com\/wp-content\/uploads\/2019\/10\/10-Pascal-Duquenne-acteur.jpg?resize=966%2C1024&amp;ssl=1 966w, https:\/\/i0.wp.com\/vacances-vielsalm.com\/wp-content\/uploads\/2019\/10\/10-Pascal-Duquenne-acteur.jpg?w=1280&amp;ssl=1 1280w\" sizes=\"(max-width: 283px) 100vw, 283px\" width=\"283\" height=\"300\" \/><img loading=\"lazy\" decoding=\"async\" data-attachment-id=\"546\" data-permalink=\"https:\/\/vacances-vielsalm.com\/04-marc-herman-humoriste\/\" data-orig-file=\"https:\/\/i0.wp.com\/vacances-vielsalm.com\/wp-content\/uploads\/2019\/10\/04-Marc-Herman-humoriste.jpg?fit=800%2C504&amp;ssl=1\" data-orig-size=\"800,504\" data-comments-opened=\"1\" data-image-meta=\"{&quot;aperture&quot;:&quot;0&quot;,&quot;credit&quot;:&quot;&quot;,&quot;camera&quot;:&quot;&quot;,&quot;caption&quot;:&quot;&quot;,&quot;created_timestamp&quot;:&quot;0&quot;,&quot;copyright&quot;:&quot;&quot;,&quot;focal_length&quot;:&quot;0&quot;,&quot;iso&quot;:&quot;0&quot;,&quot;shutter_speed&quot;:&quot;0&quot;,&quot;title&quot;:&quot;&quot;,&quot;orientation&quot;:&quot;0&quot;}\" data-image-title=\"04) Marc Herman (humoriste)\" data-image-description=\"\" data-medium-file=\"https:\/\/i0.wp.com\/vacances-vielsalm.com\/wp-content\/uploads\/2019\/10\/04-Marc-Herman-humoriste.jpg?fit=300%2C189&amp;ssl=1\" data-large-file=\"https:\/\/i0.wp.com\/vacances-vielsalm.com\/wp-content\/uploads\/2019\/10\/04-Marc-Herman-humoriste.jpg?fit=640%2C403&amp;ssl=1\" class=\"alignnone size-medium wp-image-546\" src=\"https:\/\/i0.wp.com\/vacances-vielsalm.com\/wp-content\/uploads\/2019\/10\/04-Marc-Herman-humoriste.jpg?resize=300%2C189&amp;ssl=1\" alt=\"\" data-recalc-dims=\"1\" srcset=\"https:\/\/i0.wp.com\/vacances-vielsalm.com\/wp-content\/uploads\/2019\/10\/04-Marc-Herman-humoriste.jpg?w=800&amp;ssl=1 800w, https:\/\/i0.wp.com\/vacances-vielsalm.com\/wp-content\/uploads\/2019\/10\/04-Marc-Herman-humoriste.jpg?resize=300%2C189&amp;ssl=1 300w, https:\/\/i0.wp.com\/vacances-vielsalm.com\/wp-content\/uploads\/2019\/10\/04-Marc-Herman-humoriste.jpg?resize=768%2C484&amp;ssl=1 768w\" sizes=\"(max-width: 300px) 100vw, 300px\" width=\"300\" height=\"189\" \/><\/p>\t\t\t\t\t\t<\/div>\n\t\t\t\t<\/div>\n\t\t\t\t\t<\/div>\n\t\t<\/div>\n\t\t\t\t\t<\/div>\n\t\t<\/section>\n\t\t\t\t<\/div>\n\t\t","protected":false},"excerpt":{"rendered":"<p>Le restaurant &#8220;L\u2019\u00c9curie&#8221; \u00e0 Grand-Halleux Quel accueil\u00a0! Quelle gentillesse\u00a0! Quel savoir-faire\u00a0! Quelle belle rencontre\u00a0! Il y aura bient\u00f4t 40 ans, Vanni Zangrandi et sa charmante \u00e9pouse Marie-Christine sont venus s\u2019installer dans notre belle r\u00e9gion avec un projet audacieux\u00a0: transformer les d\u00e9pendances d\u2019un ancien pensionnat (b\u00e2timent de 1890) en restaurant. Ils [&hellip;]<\/p>\n","protected":false},"author":1,"featured_media":7147,"comment_status":"open","ping_status":"open","sticky":false,"template":"","format":"standard","meta":{"_monsterinsights_skip_tracking":false,"_monsterinsights_sitenote_active":false,"_monsterinsights_sitenote_note":"","_monsterinsights_sitenote_category":0,"footnotes":""},"categories":[12],"tags":[31,24],"class_list":["post-6976","post","type-post","status-publish","format-standard","has-post-thumbnail","hentry","category-partenaire-touristique","tag-cuisine-italienne","tag-restaurant"],"_links":{"self":[{"href":"https:\/\/www.vielsalm-tourisme.be\/fr\/index.php\/wp-json\/wp\/v2\/posts\/6976","targetHints":{"allow":["GET"]}}],"collection":[{"href":"https:\/\/www.vielsalm-tourisme.be\/fr\/index.php\/wp-json\/wp\/v2\/posts"}],"about":[{"href":"https:\/\/www.vielsalm-tourisme.be\/fr\/index.php\/wp-json\/wp\/v2\/types\/post"}],"author":[{"embeddable":true,"href":"https:\/\/www.vielsalm-tourisme.be\/fr\/index.php\/wp-json\/wp\/v2\/users\/1"}],"replies":[{"embeddable":true,"href":"https:\/\/www.vielsalm-tourisme.be\/fr\/index.php\/wp-json\/wp\/v2\/comments?post=6976"}],"version-history":[{"count":3,"href":"https:\/\/www.vielsalm-tourisme.be\/fr\/index.php\/wp-json\/wp\/v2\/posts\/6976\/revisions"}],"predecessor-version":[{"id":6979,"href":"https:\/\/www.vielsalm-tourisme.be\/fr\/index.php\/wp-json\/wp\/v2\/posts\/6976\/revisions\/6979"}],"wp:featuredmedia":[{"embeddable":true,"href":"https:\/\/www.vielsalm-tourisme.be\/fr\/index.php\/wp-json\/wp\/v2\/media\/7147"}],"wp:attachment":[{"href":"https:\/\/www.vielsalm-tourisme.be\/fr\/index.php\/wp-json\/wp\/v2\/media?parent=6976"}],"wp:term":[{"taxonomy":"category","embeddable":true,"href":"https:\/\/www.vielsalm-tourisme.be\/fr\/index.php\/wp-json\/wp\/v2\/categories?post=6976"},{"taxonomy":"post_tag","embeddable":true,"href":"https:\/\/www.vielsalm-tourisme.be\/fr\/index.php\/wp-json\/wp\/v2\/tags?post=6976"}],"curies":[{"name":"wp","href":"https:\/\/api.w.org\/{rel}","templated":true}]}}