{"id":6972,"date":"2020-03-18T10:17:32","date_gmt":"2020-03-18T09:17:32","guid":{"rendered":"https:\/\/www.vielsalm-tourisme.be\/fr\/?p=6972"},"modified":"2020-03-18T10:19:12","modified_gmt":"2020-03-18T09:19:12","slug":"sprl-tony-renard-fils","status":"publish","type":"post","link":"https:\/\/www.vielsalm-tourisme.be\/fr\/index.php\/2020\/03\/18\/sprl-tony-renard-fils\/","title":{"rendered":"SPRL Tony Renard &#038; Fils"},"content":{"rendered":"\t\t<div data-elementor-type=\"wp-post\" data-elementor-id=\"6972\" class=\"elementor elementor-6972 elementor-bc-flex-widget\">\n\t\t\t\t\t\t<section class=\"elementor-section elementor-top-section elementor-element elementor-element-a86e796 elementor-section-boxed elementor-section-height-default elementor-section-height-default\" data-id=\"a86e796\" data-element_type=\"section\">\n\t\t\t\t\t\t<div class=\"elementor-container elementor-column-gap-default\">\n\t\t\t\t\t<div class=\"elementor-column elementor-col-100 elementor-top-column elementor-element elementor-element-7ca3695\" data-id=\"7ca3695\" data-element_type=\"column\">\n\t\t\t<div class=\"elementor-widget-wrap elementor-element-populated\">\n\t\t\t\t\t\t<div class=\"elementor-element elementor-element-df7c198 elementor-widget elementor-widget-heading\" data-id=\"df7c198\" data-element_type=\"widget\" data-widget_type=\"heading.default\">\n\t\t\t\t<div class=\"elementor-widget-container\">\n\t\t\t<h2 class=\"elementor-heading-title elementor-size-default\">SPRL Tony Renard & Fils<\/h2>\t\t<\/div>\n\t\t\t\t<\/div>\n\t\t\t\t\t<\/div>\n\t\t<\/div>\n\t\t\t\t\t<\/div>\n\t\t<\/section>\n\t\t\t\t<section class=\"elementor-section elementor-top-section elementor-element elementor-element-e734af1 elementor-section-boxed elementor-section-height-default elementor-section-height-default\" data-id=\"e734af1\" data-element_type=\"section\">\n\t\t\t\t\t\t<div class=\"elementor-container elementor-column-gap-default\">\n\t\t\t\t\t<div class=\"elementor-column elementor-col-100 elementor-top-column elementor-element elementor-element-874f537\" data-id=\"874f537\" data-element_type=\"column\">\n\t\t\t<div class=\"elementor-widget-wrap elementor-element-populated\">\n\t\t\t\t\t\t<div class=\"elementor-element elementor-element-23466b4 elementor-widget elementor-widget-text-editor\" data-id=\"23466b4\" data-element_type=\"widget\" data-widget_type=\"text-editor.default\">\n\t\t\t\t<div class=\"elementor-widget-container\">\n\t\t\t\t\t\t\t<div data-elementor-type=\"wp-post\" data-elementor-id=\"511\" class=\"elementor elementor-511\" data-elementor-settings=\"[]\"><div class=\"elementor-inner\"><div class=\"elementor-section-wrap\"><section class=\"elementor-element elementor-element-117d5c72 elementor-section-boxed elementor-section-height-default elementor-section-height-default elementor-section elementor-top-section\" data-id=\"117d5c72\" data-element_type=\"section\"><div class=\"elementor-container elementor-column-gap-default\"><div class=\"elementor-row\"><div class=\"elementor-element elementor-element-749c5cbf elementor-column elementor-col-100 elementor-top-column\" data-id=\"749c5cbf\" data-element_type=\"column\"><div class=\"elementor-column-wrap  elementor-element-populated\"><div class=\"elementor-widget-wrap\"><div class=\"elementor-element elementor-element-3ed363dd elementor-widget elementor-widget-text-editor\" data-id=\"3ed363dd\" data-element_type=\"widget\" data-widget_type=\"text-editor.default\"><div class=\"elementor-widget-container\"><div class=\"elementor-text-editor elementor-clearfix\"><p style=\"text-align: justify;\"><strong>Dans le cadre de la journ\u00e9e d\u00e9couverte entreprise du 6 octobre prochain, un fleuron de notre commune vous ouvre ses portes :\u00a0<\/strong><strong>SPRL Tony RENARD &amp; Fils<\/strong><\/p><p style=\"text-align: justify;\">La soci\u00e9t\u00e9\u00a0<strong>Tony Renard<\/strong>eest une entreprise g\u00e9n\u00e9rale de construction fond\u00e9e le 1er avril 1998. Le g\u00e9rant <strong>Tony Renard<\/strong>\u00a0est ind\u00e9pendant depuis le 12 ao\u00fbt 1981.<\/p><p style=\"text-align: justify;\">Apr\u00e8s 30 et quelques ann\u00e9es de carri\u00e8re dans la construction comme ind\u00e9pendant, beaucoup de situations se sont d\u00e9j\u00e0 pr\u00e9sent\u00e9es ce qui donne \u00e0 cette soci\u00e9t\u00e9 une solide exp\u00e9rience dans le domaine.<\/p><p style=\"text-align: justify;\">L\u2019entreprise r\u00e9alise tous les travaux de gros-\u0153uvre, pierres, blocs toute composition, briques, parements, blocs cliv\u00e9s etc., isolation, \u00e9puration individuelle, lagunage, station etc., carrelages, cloisons, am\u00e9nagements ext\u00e9rieurs, klinkers, tarmac, empierrement mais peut \u00e9tendre ses activit\u00e9s \u00e0 tous les autres corps de m\u00e9tier avec lesquels elle se fait seconder par des sous-traitants qui r\u00e9alisent leurs travaux avec le m\u00eame souci du travail bien fait ce qui permet au client de n\u2019avoir qu\u2019un seul interlocuteur.<\/p><p style=\"text-align: justify;\">Ils se tiennent r\u00e9guli\u00e8rement au courant des nouvelles r\u00e9glementations dans le domaine de la construction et suivent r\u00e9guli\u00e8rement des formations.<\/p><p style=\"text-align: justify;\">Le patron et son \u00e9pouse g\u00e8rent la partie administrative et la gestion des chantiers. Ils sont second\u00e9s par leur fils (associ\u00e9 depuis le 09\/08\/2003) et beau-fils pour la bonne conduite des chantiers.<\/p><p style=\"text-align: justify;\">Voici quelques exemples de r\u00e9alisations en pierre, briques ou blocs\u00a0:<\/p><p style=\"text-align: justify;\"><img fetchpriority=\"high\" decoding=\"async\" data-attachment-id=\"514\" data-permalink=\"https:\/\/vacances-vielsalm.com\/2019\/10\/03\/tony-renard\/tonyrenard\/\" data-orig-file=\"https:\/\/i2.wp.com\/vacances-vielsalm.com\/wp-content\/uploads\/2019\/10\/tonyrenard.jpg?fit=659%2C494&amp;ssl=1\" data-orig-size=\"659,494\" data-comments-opened=\"1\" data-image-meta=\"{&quot;aperture&quot;:&quot;0&quot;,&quot;credit&quot;:&quot;&quot;,&quot;camera&quot;:&quot;&quot;,&quot;caption&quot;:&quot;&quot;,&quot;created_timestamp&quot;:&quot;0&quot;,&quot;copyright&quot;:&quot;&quot;,&quot;focal_length&quot;:&quot;0&quot;,&quot;iso&quot;:&quot;0&quot;,&quot;shutter_speed&quot;:&quot;0&quot;,&quot;title&quot;:&quot;&quot;,&quot;orientation&quot;:&quot;0&quot;}\" data-image-title=\"tonyrenard\" data-image-description=\"\" data-medium-file=\"https:\/\/i2.wp.com\/vacances-vielsalm.com\/wp-content\/uploads\/2019\/10\/tonyrenard.jpg?fit=300%2C225&amp;ssl=1\" data-large-file=\"https:\/\/i2.wp.com\/vacances-vielsalm.com\/wp-content\/uploads\/2019\/10\/tonyrenard.jpg?fit=640%2C480&amp;ssl=1\" class=\"alignnone wp-image-514 size-full\" src=\"https:\/\/i2.wp.com\/vacances-vielsalm.com\/wp-content\/uploads\/2019\/10\/tonyrenard.jpg?resize=640%2C480&amp;ssl=1\" alt=\"\" srcset=\"https:\/\/i2.wp.com\/vacances-vielsalm.com\/wp-content\/uploads\/2019\/10\/tonyrenard.jpg?w=659&amp;ssl=1 659w, https:\/\/i2.wp.com\/vacances-vielsalm.com\/wp-content\/uploads\/2019\/10\/tonyrenard.jpg?resize=300%2C225&amp;ssl=1 300w\" sizes=\"(max-width: 640px) 100vw, 640px\" width=\"528\" height=\"396\" \/><\/p><p style=\"text-align: justify;\"><img decoding=\"async\" data-attachment-id=\"515\" data-permalink=\"https:\/\/vacances-vielsalm.com\/2019\/10\/03\/tony-renard\/tonyrenard2\/\" data-orig-file=\"https:\/\/i0.wp.com\/vacances-vielsalm.com\/wp-content\/uploads\/2019\/10\/tonyrenard2.jpg?fit=667%2C375&amp;ssl=1\" data-orig-size=\"667,375\" data-comments-opened=\"1\" data-image-meta=\"{&quot;aperture&quot;:&quot;0&quot;,&quot;credit&quot;:&quot;&quot;,&quot;camera&quot;:&quot;&quot;,&quot;caption&quot;:&quot;&quot;,&quot;created_timestamp&quot;:&quot;0&quot;,&quot;copyright&quot;:&quot;&quot;,&quot;focal_length&quot;:&quot;0&quot;,&quot;iso&quot;:&quot;0&quot;,&quot;shutter_speed&quot;:&quot;0&quot;,&quot;title&quot;:&quot;&quot;,&quot;orientation&quot;:&quot;0&quot;}\" data-image-title=\"tonyrenard2\" data-image-description=\"\" data-medium-file=\"https:\/\/i0.wp.com\/vacances-vielsalm.com\/wp-content\/uploads\/2019\/10\/tonyrenard2.jpg?fit=300%2C169&amp;ssl=1\" data-large-file=\"https:\/\/i0.wp.com\/vacances-vielsalm.com\/wp-content\/uploads\/2019\/10\/tonyrenard2.jpg?fit=640%2C360&amp;ssl=1\" class=\"alignnone wp-image-515 size-full\" src=\"https:\/\/i0.wp.com\/vacances-vielsalm.com\/wp-content\/uploads\/2019\/10\/tonyrenard2.jpg?resize=640%2C360&amp;ssl=1\" alt=\"\" data-recalc-dims=\"1\" srcset=\"https:\/\/i0.wp.com\/vacances-vielsalm.com\/wp-content\/uploads\/2019\/10\/tonyrenard2.jpg?w=667&amp;ssl=1 667w, https:\/\/i0.wp.com\/vacances-vielsalm.com\/wp-content\/uploads\/2019\/10\/tonyrenard2.jpg?resize=300%2C169&amp;ssl=1 300w\" sizes=\"(max-width: 640px) 100vw, 640px\" width=\"640\" height=\"360\" \/><\/p><p style=\"text-align: justify;\"><img decoding=\"async\" data-attachment-id=\"518\" data-permalink=\"https:\/\/vacances-vielsalm.com\/tonyrenard3\/\" data-orig-file=\"https:\/\/i2.wp.com\/vacances-vielsalm.com\/wp-content\/uploads\/2019\/10\/tonyrenard3.jpg?fit=482%2C361&amp;ssl=1\" data-orig-size=\"482,361\" data-comments-opened=\"1\" data-image-meta=\"{&quot;aperture&quot;:&quot;0&quot;,&quot;credit&quot;:&quot;&quot;,&quot;camera&quot;:&quot;&quot;,&quot;caption&quot;:&quot;&quot;,&quot;created_timestamp&quot;:&quot;0&quot;,&quot;copyright&quot;:&quot;&quot;,&quot;focal_length&quot;:&quot;0&quot;,&quot;iso&quot;:&quot;0&quot;,&quot;shutter_speed&quot;:&quot;0&quot;,&quot;title&quot;:&quot;&quot;,&quot;orientation&quot;:&quot;0&quot;}\" data-image-title=\"tonyrenard3\" data-image-description=\"\" data-medium-file=\"https:\/\/i2.wp.com\/vacances-vielsalm.com\/wp-content\/uploads\/2019\/10\/tonyrenard3.jpg?fit=300%2C225&amp;ssl=1\" data-large-file=\"https:\/\/i2.wp.com\/vacances-vielsalm.com\/wp-content\/uploads\/2019\/10\/tonyrenard3.jpg?fit=482%2C361&amp;ssl=1\" class=\"wp-image-518 size-full aligncenter\" src=\"https:\/\/i2.wp.com\/vacances-vielsalm.com\/wp-content\/uploads\/2019\/10\/tonyrenard3.jpg?resize=482%2C361&amp;ssl=1\" alt=\"\" data-recalc-dims=\"1\" srcset=\"https:\/\/i2.wp.com\/vacances-vielsalm.com\/wp-content\/uploads\/2019\/10\/tonyrenard3.jpg?w=482&amp;ssl=1 482w, https:\/\/i2.wp.com\/vacances-vielsalm.com\/wp-content\/uploads\/2019\/10\/tonyrenard3.jpg?resize=300%2C225&amp;ssl=1 300w\" sizes=\"(max-width: 482px) 100vw, 482px\" width=\"482\" height=\"361\" \/><\/p><p style=\"text-align: justify;\">Les am\u00e9nagements tant int\u00e9rieurs qu\u2019ext\u00e9rieurs sont r\u00e9alis\u00e9s avec le plus grand soin.<\/p><p style=\"text-align: justify;\">Que ce soient les escaliers (tant int\u00e9rieurs, qu\u2019ext\u00e9rieurs), les salle-de-bains, les chemin\u00e9es, le carrelage, les cours, le lagunage\u2026 rien n\u2019est impossible \u00e0 cette entreprise de renom.<\/p><p style=\"text-align: justify;\"><img loading=\"lazy\" decoding=\"async\" data-attachment-id=\"516\" data-permalink=\"https:\/\/vacances-vielsalm.com\/2019\/10\/03\/tony-renard\/tonyrenard4\/\" data-orig-file=\"https:\/\/i1.wp.com\/vacances-vielsalm.com\/wp-content\/uploads\/2019\/10\/tonyrenard4.jpg?fit=960%2C960&amp;ssl=1\" data-orig-size=\"960,960\" data-comments-opened=\"1\" data-image-meta=\"{&quot;aperture&quot;:&quot;0&quot;,&quot;credit&quot;:&quot;&quot;,&quot;camera&quot;:&quot;&quot;,&quot;caption&quot;:&quot;&quot;,&quot;created_timestamp&quot;:&quot;0&quot;,&quot;copyright&quot;:&quot;&quot;,&quot;focal_length&quot;:&quot;0&quot;,&quot;iso&quot;:&quot;0&quot;,&quot;shutter_speed&quot;:&quot;0&quot;,&quot;title&quot;:&quot;&quot;,&quot;orientation&quot;:&quot;0&quot;}\" data-image-title=\"tonyrenard4\" data-image-description=\"\" data-medium-file=\"https:\/\/i1.wp.com\/vacances-vielsalm.com\/wp-content\/uploads\/2019\/10\/tonyrenard4.jpg?fit=300%2C300&amp;ssl=1\" data-large-file=\"https:\/\/i1.wp.com\/vacances-vielsalm.com\/wp-content\/uploads\/2019\/10\/tonyrenard4.jpg?fit=640%2C640&amp;ssl=1\" class=\"alignnone wp-image-516 size-full\" src=\"https:\/\/i1.wp.com\/vacances-vielsalm.com\/wp-content\/uploads\/2019\/10\/tonyrenard4.jpg?resize=640%2C640&amp;ssl=1\" alt=\"\" data-recalc-dims=\"1\" srcset=\"https:\/\/i1.wp.com\/vacances-vielsalm.com\/wp-content\/uploads\/2019\/10\/tonyrenard4.jpg?w=960&amp;ssl=1 960w, https:\/\/i1.wp.com\/vacances-vielsalm.com\/wp-content\/uploads\/2019\/10\/tonyrenard4.jpg?resize=150%2C150&amp;ssl=1 150w, https:\/\/i1.wp.com\/vacances-vielsalm.com\/wp-content\/uploads\/2019\/10\/tonyrenard4.jpg?resize=300%2C300&amp;ssl=1 300w, https:\/\/i1.wp.com\/vacances-vielsalm.com\/wp-content\/uploads\/2019\/10\/tonyrenard4.jpg?resize=768%2C768&amp;ssl=1 768w\" sizes=\"(max-width: 640px) 100vw, 640px\" width=\"640\" height=\"640\" \/><\/p><p style=\"text-align: justify;\"><img loading=\"lazy\" decoding=\"async\" data-attachment-id=\"517\" data-permalink=\"https:\/\/vacances-vielsalm.com\/2019\/10\/03\/tony-renard\/tonyrenard5\/\" data-orig-file=\"https:\/\/i2.wp.com\/vacances-vielsalm.com\/wp-content\/uploads\/2019\/10\/tonyrenard5.jpg?fit=800%2C450&amp;ssl=1\" data-orig-size=\"800,450\" data-comments-opened=\"1\" data-image-meta=\"{&quot;aperture&quot;:&quot;0&quot;,&quot;credit&quot;:&quot;&quot;,&quot;camera&quot;:&quot;&quot;,&quot;caption&quot;:&quot;&quot;,&quot;created_timestamp&quot;:&quot;0&quot;,&quot;copyright&quot;:&quot;&quot;,&quot;focal_length&quot;:&quot;0&quot;,&quot;iso&quot;:&quot;0&quot;,&quot;shutter_speed&quot;:&quot;0&quot;,&quot;title&quot;:&quot;&quot;,&quot;orientation&quot;:&quot;0&quot;}\" data-image-title=\"tonyrenard5\" data-image-description=\"\" data-medium-file=\"https:\/\/i2.wp.com\/vacances-vielsalm.com\/wp-content\/uploads\/2019\/10\/tonyrenard5.jpg?fit=300%2C169&amp;ssl=1\" data-large-file=\"https:\/\/i2.wp.com\/vacances-vielsalm.com\/wp-content\/uploads\/2019\/10\/tonyrenard5.jpg?fit=640%2C360&amp;ssl=1\" class=\"alignnone wp-image-517 size-full\" src=\"https:\/\/i2.wp.com\/vacances-vielsalm.com\/wp-content\/uploads\/2019\/10\/tonyrenard5.jpg?resize=640%2C360&amp;ssl=1\" alt=\"\" data-recalc-dims=\"1\" srcset=\"https:\/\/i2.wp.com\/vacances-vielsalm.com\/wp-content\/uploads\/2019\/10\/tonyrenard5.jpg?w=800&amp;ssl=1 800w, https:\/\/i2.wp.com\/vacances-vielsalm.com\/wp-content\/uploads\/2019\/10\/tonyrenard5.jpg?resize=300%2C169&amp;ssl=1 300w, https:\/\/i2.wp.com\/vacances-vielsalm.com\/wp-content\/uploads\/2019\/10\/tonyrenard5.jpg?resize=768%2C432&amp;ssl=1 768w\" sizes=\"(max-width: 640px) 100vw, 640px\" width=\"640\" height=\"360\" \/><\/p><p style=\"text-align: justify;\"><strong>Vous \u00eates cordialement invit\u00e9s \u00e0 leur rendre visite \u00e0 l\u2019adresse ci-dessous ce dimanche 6 octobre. Non seulement vous pourrez vous rendre compte de leur s\u00e9rieux, mais \u00e9galement de leur accueil chaleureux et de leur grande sympathie.<\/strong><\/p><p style=\"text-align: justify;\"><strong>SPRL RENARD TONY &amp; FILS<\/strong><br \/>Chemin de Grand-Halleux 16a 6692 PETIT-THIER<br \/><em>T\u00e9l: 080 \/ 21 50 85 Fax: 080 \/ 21 48 93 E-mail:<\/em><a href=\"mailto:renard.tony@skynet.be\"><em>renard.tony@skynet.be<\/em><\/a><\/p><\/div><\/div><\/div><\/div><\/div><\/div><\/div><\/div><\/section><\/div><\/div><\/div>\t\t\t\t\t\t<\/div>\n\t\t\t\t<\/div>\n\t\t\t\t\t<\/div>\n\t\t<\/div>\n\t\t\t\t\t<\/div>\n\t\t<\/section>\n\t\t\t\t<\/div>\n\t\t","protected":false},"excerpt":{"rendered":"<p>SPRL Tony Renard &amp; Fils Dans le cadre de la journ\u00e9e d\u00e9couverte entreprise du 6 octobre prochain, un fleuron de notre commune vous ouvre ses portes :\u00a0SPRL Tony RENARD &amp; Fils La soci\u00e9t\u00e9\u00a0Tony Renardeest une entreprise g\u00e9n\u00e9rale de construction fond\u00e9e le 1er avril 1998. Le g\u00e9rant Tony Renard\u00a0est ind\u00e9pendant depuis [&hellip;]<\/p>\n","protected":false},"author":1,"featured_media":0,"comment_status":"open","ping_status":"open","sticky":false,"template":"","format":"standard","meta":{"_monsterinsights_skip_tracking":false,"_monsterinsights_sitenote_active":false,"_monsterinsights_sitenote_note":"","_monsterinsights_sitenote_category":0,"footnotes":""},"categories":[12],"tags":[],"class_list":["post-6972","post","type-post","status-publish","format-standard","hentry","category-partenaire-touristique"],"_links":{"self":[{"href":"https:\/\/www.vielsalm-tourisme.be\/fr\/index.php\/wp-json\/wp\/v2\/posts\/6972","targetHints":{"allow":["GET"]}}],"collection":[{"href":"https:\/\/www.vielsalm-tourisme.be\/fr\/index.php\/wp-json\/wp\/v2\/posts"}],"about":[{"href":"https:\/\/www.vielsalm-tourisme.be\/fr\/index.php\/wp-json\/wp\/v2\/types\/post"}],"author":[{"embeddable":true,"href":"https:\/\/www.vielsalm-tourisme.be\/fr\/index.php\/wp-json\/wp\/v2\/users\/1"}],"replies":[{"embeddable":true,"href":"https:\/\/www.vielsalm-tourisme.be\/fr\/index.php\/wp-json\/wp\/v2\/comments?post=6972"}],"version-history":[{"count":3,"href":"https:\/\/www.vielsalm-tourisme.be\/fr\/index.php\/wp-json\/wp\/v2\/posts\/6972\/revisions"}],"predecessor-version":[{"id":6975,"href":"https:\/\/www.vielsalm-tourisme.be\/fr\/index.php\/wp-json\/wp\/v2\/posts\/6972\/revisions\/6975"}],"wp:attachment":[{"href":"https:\/\/www.vielsalm-tourisme.be\/fr\/index.php\/wp-json\/wp\/v2\/media?parent=6972"}],"wp:term":[{"taxonomy":"category","embeddable":true,"href":"https:\/\/www.vielsalm-tourisme.be\/fr\/index.php\/wp-json\/wp\/v2\/categories?post=6972"},{"taxonomy":"post_tag","embeddable":true,"href":"https:\/\/www.vielsalm-tourisme.be\/fr\/index.php\/wp-json\/wp\/v2\/tags?post=6972"}],"curies":[{"name":"wp","href":"https:\/\/api.w.org\/{rel}","templated":true}]}}