{"id":6964,"date":"2020-03-18T10:11:05","date_gmt":"2020-03-18T09:11:05","guid":{"rendered":"https:\/\/www.vielsalm-tourisme.be\/fr\/?p=6964"},"modified":"2020-03-18T10:13:50","modified_gmt":"2020-03-18T09:13:50","slug":"envie-de-calme-et-de-serenite-au-milieu-de-la-nature-et-loin-de-lagitation-du-monde","status":"publish","type":"post","link":"https:\/\/www.vielsalm-tourisme.be\/fr\/index.php\/2020\/03\/18\/envie-de-calme-et-de-serenite-au-milieu-de-la-nature-et-loin-de-lagitation-du-monde\/","title":{"rendered":"Envie de calme et de s\u00e9r\u00e9nit\u00e9, au milieu de la nature et loin de l\u2019agitation du monde ?"},"content":{"rendered":"\t\t<div data-elementor-type=\"wp-post\" data-elementor-id=\"6964\" class=\"elementor elementor-6964 elementor-bc-flex-widget\">\n\t\t\t\t\t\t<section class=\"elementor-section elementor-top-section elementor-element elementor-element-94f8f18 elementor-section-boxed elementor-section-height-default elementor-section-height-default\" data-id=\"94f8f18\" data-element_type=\"section\">\n\t\t\t\t\t\t<div class=\"elementor-container elementor-column-gap-default\">\n\t\t\t\t\t<div class=\"elementor-column elementor-col-100 elementor-top-column elementor-element elementor-element-49625ee\" data-id=\"49625ee\" data-element_type=\"column\">\n\t\t\t<div class=\"elementor-widget-wrap elementor-element-populated\">\n\t\t\t\t\t\t<div class=\"elementor-element elementor-element-af0ffd1 elementor-widget elementor-widget-heading\" data-id=\"af0ffd1\" data-element_type=\"widget\" data-widget_type=\"heading.default\">\n\t\t\t\t<div class=\"elementor-widget-container\">\n\t\t\t<h2 class=\"elementor-heading-title elementor-size-default\">Envie de calme et de s\u00e9r\u00e9nit\u00e9, au milieu de la nature et loin de l\u2019agitation du monde ?<\/h2>\t\t<\/div>\n\t\t\t\t<\/div>\n\t\t\t\t\t<\/div>\n\t\t<\/div>\n\t\t\t\t\t<\/div>\n\t\t<\/section>\n\t\t\t\t<section class=\"elementor-section elementor-top-section elementor-element elementor-element-b2ba586 elementor-section-boxed elementor-section-height-default elementor-section-height-default\" data-id=\"b2ba586\" data-element_type=\"section\">\n\t\t\t\t\t\t<div class=\"elementor-container elementor-column-gap-default\">\n\t\t\t\t\t<div class=\"elementor-column elementor-col-100 elementor-top-column elementor-element elementor-element-d351232\" data-id=\"d351232\" data-element_type=\"column\">\n\t\t\t<div class=\"elementor-widget-wrap elementor-element-populated\">\n\t\t\t\t\t\t<div class=\"elementor-element elementor-element-6ac5a57 elementor-widget elementor-widget-text-editor\" data-id=\"6ac5a57\" data-element_type=\"widget\" data-widget_type=\"text-editor.default\">\n\t\t\t\t<div class=\"elementor-widget-container\">\n\t\t\t\t\t\t\t<div data-elementor-type=\"wp-post\" data-elementor-id=\"487\" class=\"elementor elementor-487\" data-elementor-settings=\"[]\"><div class=\"elementor-inner\"><div class=\"elementor-section-wrap\"><section class=\"elementor-element elementor-element-64c08d24 elementor-section-boxed elementor-section-height-default elementor-section-height-default elementor-section elementor-top-section\" data-id=\"64c08d24\" data-element_type=\"section\"><div class=\"elementor-container elementor-column-gap-default\"><div class=\"elementor-row\"><div class=\"elementor-element elementor-element-5d6d802b elementor-column elementor-col-100 elementor-top-column\" data-id=\"5d6d802b\" data-element_type=\"column\"><div class=\"elementor-column-wrap  elementor-element-populated\"><div class=\"elementor-widget-wrap\"><div class=\"elementor-element elementor-element-75583815 elementor-widget elementor-widget-text-editor\" data-id=\"75583815\" data-element_type=\"widget\" data-widget_type=\"text-editor.default\"><div class=\"elementor-widget-container\"><div class=\"elementor-text-editor elementor-clearfix\"><p style=\"text-align: justify;\">Aujourd\u2019hui, j\u2019ai envie de vous parler de personnes g\u00e9n\u00e9reuses, accueillantes qui, \u00e0 travers la location de leurs g\u00eetes, vous permettront de vous ressourcer et de communier avec la nature dans des habitations chaleureuses et authentiques.<\/p><p style=\"text-align: justify;\">Dans notre verdoyante commune, venez d\u00e9couvrir les g\u00eetes de Marie-Jeanne et Pierre LORENT : le \u00ab Relais de chasse\u00a0\u00bb et \u00ab\u00a0le Marbatin\u00a0\u00bb (le nom de ce g\u00eete est n\u00e9 d\u2019un savant m\u00e9lange de certaines syllabes des pr\u00e9noms des petits-enfants des propri\u00e9taires).<\/p><p style=\"text-align: justify;\">Le Relais de chasse (ancienne porcherie de l\u2019habitation des propri\u00e9taires) peut accueillir 2 personnes et 1 petit enfant. Vous y trouverez tout le confort voulu et sa situation exceptionnelle en pleine nature vous permettra de vous ressourcer dans le calme et la s\u00e9r\u00e9nit\u00e9.<\/p><p style=\"text-align: justify;\"><img fetchpriority=\"high\" decoding=\"async\" data-attachment-id=\"488\" data-permalink=\"https:\/\/vacances-vielsalm.com\/2019\/09\/11\/envie-de-calme-et-de-serenite-au-milieu-de-la-nature-et-loin-de-lagitation-du-monde\/1-7\/\" data-orig-file=\"https:\/\/i0.wp.com\/vacances-vielsalm.com\/wp-content\/uploads\/2019\/09\/1.png?fit=640%2C428&amp;ssl=1\" data-orig-size=\"640,428\" data-comments-opened=\"1\" data-image-meta=\"{&quot;aperture&quot;:&quot;0&quot;,&quot;credit&quot;:&quot;&quot;,&quot;camera&quot;:&quot;&quot;,&quot;caption&quot;:&quot;&quot;,&quot;created_timestamp&quot;:&quot;0&quot;,&quot;copyright&quot;:&quot;&quot;,&quot;focal_length&quot;:&quot;0&quot;,&quot;iso&quot;:&quot;0&quot;,&quot;shutter_speed&quot;:&quot;0&quot;,&quot;title&quot;:&quot;&quot;,&quot;orientation&quot;:&quot;0&quot;}\" data-image-title=\"1\" data-image-description=\"\" data-medium-file=\"https:\/\/i0.wp.com\/vacances-vielsalm.com\/wp-content\/uploads\/2019\/09\/1.png?fit=300%2C201&amp;ssl=1\" data-large-file=\"https:\/\/i0.wp.com\/vacances-vielsalm.com\/wp-content\/uploads\/2019\/09\/1.png?fit=640%2C428&amp;ssl=1\" class=\"wp-image-488 size-full aligncenter\" src=\"https:\/\/i0.wp.com\/vacances-vielsalm.com\/wp-content\/uploads\/2019\/09\/1.png?resize=640%2C428&amp;ssl=1\" alt=\"\" data-recalc-dims=\"1\" srcset=\"https:\/\/i0.wp.com\/vacances-vielsalm.com\/wp-content\/uploads\/2019\/09\/1.png?w=640&amp;ssl=1 640w, https:\/\/i0.wp.com\/vacances-vielsalm.com\/wp-content\/uploads\/2019\/09\/1.png?resize=300%2C201&amp;ssl=1 300w, https:\/\/i0.wp.com\/vacances-vielsalm.com\/wp-content\/uploads\/2019\/09\/1.png?resize=272%2C182&amp;ssl=1 272w\" sizes=\"(max-width: 640px) 100vw, 640px\" width=\"640\" height=\"428\" \/><\/p><p style=\"text-align: justify;\">Le Marbatin, ancienne ferme, a \u00e9t\u00e9 patiemment et agr\u00e9ablement r\u00e9nov\u00e9 par les propri\u00e9taires eux-m\u00eames. Ils ont investi non seulement leur capital, mais surtout leur \u00e9nergie et leur envie du travail bien fait, pour vous offrir un logement pouvant accueillir 10 personnes. Ce g\u00eete est dot\u00e9 de tout le confort moderne (relaxation dans le sauna) tout en ayant conserv\u00e9 le cachet du savoir-faire de nos anciens. L\u2019emploi de mat\u00e9riaux naturels (tel que l\u2019argile que la propri\u00e9taire a patiemment pr\u00e9par\u00e9e, transport\u00e9e, appliqu\u00e9e, liss\u00e9e\u2026 sur les murs int\u00e9rieurs et la peinture \u00e0 la chaux) \u00e9tait une \u00e9vidence pour conf\u00e9rer \u00e0 ces lieux cette ambiance si chaleureuse.<\/p><p style=\"text-align: justify;\">Ce g\u00eete offre une situation exceptionnelle, en pleine nature, loin de l\u2019agitation du monde.<\/p><p style=\"text-align: justify;\"><img decoding=\"async\" data-attachment-id=\"490\" data-permalink=\"https:\/\/vacances-vielsalm.com\/2019\/09\/11\/envie-de-calme-et-de-serenite-au-milieu-de-la-nature-et-loin-de-lagitation-du-monde\/2-6\/\" data-orig-file=\"https:\/\/i1.wp.com\/vacances-vielsalm.com\/wp-content\/uploads\/2019\/09\/2.png?fit=1375%2C917&amp;ssl=1\" data-orig-size=\"1375,917\" data-comments-opened=\"1\" data-image-meta=\"{&quot;aperture&quot;:&quot;0&quot;,&quot;credit&quot;:&quot;&quot;,&quot;camera&quot;:&quot;&quot;,&quot;caption&quot;:&quot;&quot;,&quot;created_timestamp&quot;:&quot;0&quot;,&quot;copyright&quot;:&quot;&quot;,&quot;focal_length&quot;:&quot;0&quot;,&quot;iso&quot;:&quot;0&quot;,&quot;shutter_speed&quot;:&quot;0&quot;,&quot;title&quot;:&quot;&quot;,&quot;orientation&quot;:&quot;0&quot;}\" data-image-title=\"2\" data-image-description=\"\" data-medium-file=\"https:\/\/i1.wp.com\/vacances-vielsalm.com\/wp-content\/uploads\/2019\/09\/2.png?fit=300%2C200&amp;ssl=1\" data-large-file=\"https:\/\/i1.wp.com\/vacances-vielsalm.com\/wp-content\/uploads\/2019\/09\/2.png?fit=640%2C427&amp;ssl=1\" class=\"alignnone wp-image-490 size-full\" src=\"https:\/\/i1.wp.com\/vacances-vielsalm.com\/wp-content\/uploads\/2019\/09\/2.png?resize=640%2C427&amp;ssl=1\" alt=\"\" data-recalc-dims=\"1\" srcset=\"https:\/\/i1.wp.com\/vacances-vielsalm.com\/wp-content\/uploads\/2019\/09\/2.png?w=1375&amp;ssl=1 1375w, https:\/\/i1.wp.com\/vacances-vielsalm.com\/wp-content\/uploads\/2019\/09\/2.png?resize=300%2C200&amp;ssl=1 300w, https:\/\/i1.wp.com\/vacances-vielsalm.com\/wp-content\/uploads\/2019\/09\/2.png?resize=768%2C512&amp;ssl=1 768w, https:\/\/i1.wp.com\/vacances-vielsalm.com\/wp-content\/uploads\/2019\/09\/2.png?resize=1024%2C683&amp;ssl=1 1024w, https:\/\/i1.wp.com\/vacances-vielsalm.com\/wp-content\/uploads\/2019\/09\/2.png?resize=272%2C182&amp;ssl=1 272w, https:\/\/i1.wp.com\/vacances-vielsalm.com\/wp-content\/uploads\/2019\/09\/2.png?w=1280&amp;ssl=1 1280w\" sizes=\"(max-width: 640px) 100vw, 640px\" width=\"640\" height=\"427\" \/><\/p><p style=\"text-align: justify;\">Le seul regret de Madame Lorent est de ne pas ma\u00eetriser suffisamment la langue de Vondel, mais me dit-elle, avec les quelques mots de vocabulaire en sa possession et la volont\u00e9 de communiquer, on y arrive toujours\u00a0! Ce dont je ne doute pas\u2026 sa grande disponibilit\u00e9 et son sourire sont des atouts ind\u00e9niables.<\/p><p style=\"text-align: justify;\">Je vous invite \u00e0 aller consulter le site internet\u00a0: le-marbatin.be et je suis persuad\u00e9e que vous tomberez sous le charme\u00a0!<\/p><\/div><\/div><\/div><\/div><\/div><\/div><\/div><\/div><\/section><\/div><\/div><\/div>\t\t\t\t\t\t<\/div>\n\t\t\t\t<\/div>\n\t\t\t\t\t<\/div>\n\t\t<\/div>\n\t\t\t\t\t<\/div>\n\t\t<\/section>\n\t\t\t\t<\/div>\n\t\t","protected":false},"excerpt":{"rendered":"<p>Envie de calme et de s\u00e9r\u00e9nit\u00e9, au milieu de la nature et loin de l\u2019agitation du monde ? Aujourd\u2019hui, j\u2019ai envie de vous parler de personnes g\u00e9n\u00e9reuses, accueillantes qui, \u00e0 travers la location de leurs g\u00eetes, vous permettront de vous ressourcer et de communier avec la nature dans des habitations [&hellip;]<\/p>\n","protected":false},"author":1,"featured_media":0,"comment_status":"open","ping_status":"open","sticky":false,"template":"","format":"standard","meta":{"_monsterinsights_skip_tracking":false,"_monsterinsights_sitenote_active":false,"_monsterinsights_sitenote_note":"","_monsterinsights_sitenote_category":0,"footnotes":""},"categories":[12],"tags":[25,26],"class_list":["post-6964","post","type-post","status-publish","format-standard","hentry","category-partenaire-touristique","tag-gite","tag-hebergement"],"_links":{"self":[{"href":"https:\/\/www.vielsalm-tourisme.be\/fr\/index.php\/wp-json\/wp\/v2\/posts\/6964","targetHints":{"allow":["GET"]}}],"collection":[{"href":"https:\/\/www.vielsalm-tourisme.be\/fr\/index.php\/wp-json\/wp\/v2\/posts"}],"about":[{"href":"https:\/\/www.vielsalm-tourisme.be\/fr\/index.php\/wp-json\/wp\/v2\/types\/post"}],"author":[{"embeddable":true,"href":"https:\/\/www.vielsalm-tourisme.be\/fr\/index.php\/wp-json\/wp\/v2\/users\/1"}],"replies":[{"embeddable":true,"href":"https:\/\/www.vielsalm-tourisme.be\/fr\/index.php\/wp-json\/wp\/v2\/comments?post=6964"}],"version-history":[{"count":3,"href":"https:\/\/www.vielsalm-tourisme.be\/fr\/index.php\/wp-json\/wp\/v2\/posts\/6964\/revisions"}],"predecessor-version":[{"id":6967,"href":"https:\/\/www.vielsalm-tourisme.be\/fr\/index.php\/wp-json\/wp\/v2\/posts\/6964\/revisions\/6967"}],"wp:attachment":[{"href":"https:\/\/www.vielsalm-tourisme.be\/fr\/index.php\/wp-json\/wp\/v2\/media?parent=6964"}],"wp:term":[{"taxonomy":"category","embeddable":true,"href":"https:\/\/www.vielsalm-tourisme.be\/fr\/index.php\/wp-json\/wp\/v2\/categories?post=6964"},{"taxonomy":"post_tag","embeddable":true,"href":"https:\/\/www.vielsalm-tourisme.be\/fr\/index.php\/wp-json\/wp\/v2\/tags?post=6964"}],"curies":[{"name":"wp","href":"https:\/\/api.w.org\/{rel}","templated":true}]}}