{"id":6960,"date":"2020-03-18T09:52:23","date_gmt":"2020-03-18T08:52:23","guid":{"rendered":"https:\/\/www.vielsalm-tourisme.be\/fr\/?p=6960"},"modified":"2020-04-16T13:34:25","modified_gmt":"2020-04-16T11:34:25","slug":"lauberge-du-carrefour","status":"publish","type":"post","link":"https:\/\/www.vielsalm-tourisme.be\/fr\/index.php\/2020\/03\/18\/lauberge-du-carrefour\/","title":{"rendered":"L\u2019auberge du Carrefour"},"content":{"rendered":"\t\t<div data-elementor-type=\"wp-post\" data-elementor-id=\"6960\" class=\"elementor elementor-6960 elementor-bc-flex-widget\">\n\t\t\t\t\t\t<section class=\"elementor-section elementor-top-section elementor-element elementor-element-d9d10d2 elementor-section-boxed elementor-section-height-default elementor-section-height-default\" data-id=\"d9d10d2\" data-element_type=\"section\">\n\t\t\t\t\t\t<div class=\"elementor-container elementor-column-gap-default\">\n\t\t\t\t\t<div class=\"elementor-column elementor-col-100 elementor-top-column elementor-element elementor-element-0f7bef8\" data-id=\"0f7bef8\" data-element_type=\"column\">\n\t\t\t<div class=\"elementor-widget-wrap elementor-element-populated\">\n\t\t\t\t\t\t<div class=\"elementor-element elementor-element-860ba0f elementor-widget elementor-widget-heading\" data-id=\"860ba0f\" data-element_type=\"widget\" data-widget_type=\"heading.default\">\n\t\t\t\t<div class=\"elementor-widget-container\">\n\t\t\t<h2 class=\"elementor-heading-title elementor-size-default\">L\u2019auberge du Carrefour<\/h2>\t\t<\/div>\n\t\t\t\t<\/div>\n\t\t\t\t\t<\/div>\n\t\t<\/div>\n\t\t\t\t\t<\/div>\n\t\t<\/section>\n\t\t\t\t<section class=\"elementor-section elementor-top-section elementor-element elementor-element-f83f024 elementor-section-boxed elementor-section-height-default elementor-section-height-default\" data-id=\"f83f024\" data-element_type=\"section\">\n\t\t\t\t\t\t<div class=\"elementor-container elementor-column-gap-default\">\n\t\t\t\t\t<div class=\"elementor-column elementor-col-100 elementor-top-column elementor-element elementor-element-0599095\" data-id=\"0599095\" data-element_type=\"column\">\n\t\t\t<div class=\"elementor-widget-wrap elementor-element-populated\">\n\t\t\t\t\t\t<div class=\"elementor-element elementor-element-3aeb126 elementor-widget elementor-widget-text-editor\" data-id=\"3aeb126\" data-element_type=\"widget\" data-widget_type=\"text-editor.default\">\n\t\t\t\t<div class=\"elementor-widget-container\">\n\t\t\t\t\t\t\t<h2 style=\"text-align: justify;\"><strong>De m\u00e8res en filles depuis 1880.<\/strong><\/h2><p style=\"text-align: justify;\">En 1880, suite \u00e0 la construction de<span id=\"more-444\"><\/span>la route Aywaille-Bastogne, Marie-Joseph Molhan et Jean-Joseph Jacquet deviennent les tenanciers de l\u2019Auberge du Carrefour \u00e0 la Baraque de Fraiture. Les deux g\u00e9rants de l\u2019\u00e9poque n\u2019auraient jamais pu imaginer que, 135 ans plus tard, leur \u00e9tablissement se trouverait entre les mains de leur descendance. La filiation est exclusivement f\u00e9minine et se sont les 5\u00e8me, 6\u00e8me et bient\u00f4t 7\u00e8me g\u00e9n\u00e9ration qui, \u00e0 un jet de boule de neige des pistes et remonte-pentes de la Baraque, veillent au quotidien sur l\u2019auberge familiale.<\/p><p style=\"text-align: justify;\"><img fetchpriority=\"high\" decoding=\"async\" data-attachment-id=\"453\" data-permalink=\"https:\/\/vacances-vielsalm.com\/2019\/06\/13\/lauberge-du-carrefour\/auberge-du-carrefour-3\/\" data-orig-file=\"https:\/\/i2.wp.com\/vacances-vielsalm.com\/wp-content\/uploads\/2019\/06\/Auberge-du-Carrefour-3.jpg?fit=1019%2C631&amp;ssl=1\" data-orig-size=\"1019,631\" data-comments-opened=\"1\" data-image-meta=\"{\" aperture=\"\" :=\"\" 0=\"\" credit=\"\" camera=\"\" caption=\"\" created_timestamp=\"\" copyright=\"\" focal_length=\"\" iso=\"\" shutter_speed=\"\" title=\"\" orientation=\"\" data-image-title=\"Auberge du Carrefour (3)\" data-image-description=\"\" data-medium-file=\"https:\/\/i2.wp.com\/vacances-vielsalm.com\/wp-content\/uploads\/2019\/06\/Auberge-du-Carrefour-3.jpg?fit=300%2C186&amp;ssl=1\" data-large-file=\"https:\/\/i2.wp.com\/vacances-vielsalm.com\/wp-content\/uploads\/2019\/06\/Auberge-du-Carrefour-3.jpg?fit=640%2C396&amp;ssl=1\" class=\"alignnone wp-image-453 size-full\" src=\"https:\/\/i2.wp.com\/vacances-vielsalm.com\/wp-content\/uploads\/2019\/06\/Auberge-du-Carrefour-3.jpg?resize=640%2C396&amp;ssl=1\" alt=\"\" srcset=\"https:\/\/i2.wp.com\/vacances-vielsalm.com\/wp-content\/uploads\/2019\/06\/Auberge-du-Carrefour-3.jpg?w=1019&amp;ssl=1 1019w, https:\/\/i2.wp.com\/vacances-vielsalm.com\/wp-content\/uploads\/2019\/06\/Auberge-du-Carrefour-3.jpg?resize=300%2C186&amp;ssl=1 300w, https:\/\/i2.wp.com\/vacances-vielsalm.com\/wp-content\/uploads\/2019\/06\/Auberge-du-Carrefour-3.jpg?resize=768%2C476&amp;ssl=1 768w, https:\/\/i2.wp.com\/vacances-vielsalm.com\/wp-content\/uploads\/2019\/06\/Auberge-du-Carrefour-3.jpg?resize=338%2C210&amp;ssl=1 338w\" sizes=\"(max-width: 640px) 100vw, 640px\" data-recalc-dims=\"1\" width=\"640\" height=\"396\" \/><img decoding=\"async\" src=\"https:\/\/www.vielsalm-tourisme.be\/fr\/wp-content\/uploads\/2020\/04\/plats.png\" alt=\"\" width=\"720\" height=\"1280\" class=\"alignnone size-full wp-image-7169\" srcset=\"https:\/\/www.vielsalm-tourisme.be\/fr\/wp-content\/uploads\/2020\/04\/plats.png 720w, https:\/\/www.vielsalm-tourisme.be\/fr\/wp-content\/uploads\/2020\/04\/plats-169x300.png 169w, https:\/\/www.vielsalm-tourisme.be\/fr\/wp-content\/uploads\/2020\/04\/plats-576x1024.png 576w\" sizes=\"(max-width: 720px) 100vw, 720px\" \/><\/p><p style=\"text-align: justify;\">L\u2019Auberge du Carrefour \u00e9tait, \u00e0 la base, un relais de poste. L\u2019atmosph\u00e8re ardennaise de l\u2019\u00e9tablissement vous ram\u00e8ne dans un pass\u00e9 riche en histoire et en d\u00e9corations d\u2019\u00e9poque abondante. <img decoding=\"async\" data-attachment-id=\"449\" data-permalink=\"https:\/\/vacances-vielsalm.com\/2019\/06\/13\/lauberge-du-carrefour\/salle\/\" data-orig-file=\"https:\/\/i2.wp.com\/vacances-vielsalm.com\/wp-content\/uploads\/2019\/06\/salle.png?fit=1280%2C720&amp;ssl=1\" data-orig-size=\"1280,720\" data-comments-opened=\"1\" data-image-meta=\"{\" aperture=\"\" :=\"\" 0=\"\" credit=\"\" camera=\"\" caption=\"\" created_timestamp=\"\" copyright=\"\" focal_length=\"\" iso=\"\" shutter_speed=\"\" title=\"\" orientation=\"\" data-image-title=\"salle\" data-image-description=\"\" data-medium-file=\"https:\/\/i2.wp.com\/vacances-vielsalm.com\/wp-content\/uploads\/2019\/06\/salle.png?fit=300%2C169&amp;ssl=1\" data-large-file=\"https:\/\/i2.wp.com\/vacances-vielsalm.com\/wp-content\/uploads\/2019\/06\/salle.png?fit=640%2C360&amp;ssl=1\" class=\" wp-image-449 alignright\" src=\"https:\/\/i2.wp.com\/vacances-vielsalm.com\/wp-content\/uploads\/2019\/06\/salle.png?resize=344%2C194&amp;ssl=1\" alt=\"\" srcset=\"https:\/\/i2.wp.com\/vacances-vielsalm.com\/wp-content\/uploads\/2019\/06\/salle.png?resize=300%2C169&amp;ssl=1 300w, https:\/\/i2.wp.com\/vacances-vielsalm.com\/wp-content\/uploads\/2019\/06\/salle.png?resize=768%2C432&amp;ssl=1 768w, https:\/\/i2.wp.com\/vacances-vielsalm.com\/wp-content\/uploads\/2019\/06\/salle.png?resize=1024%2C576&amp;ssl=1 1024w, https:\/\/i2.wp.com\/vacances-vielsalm.com\/wp-content\/uploads\/2019\/06\/salle.png?w=1280&amp;ssl=1 1280w\" sizes=\"(max-width: 344px) 100vw, 344px\" data-recalc-dims=\"1\" width=\"344\" height=\"194\" \/>Cette maison a une \u00e2me et l\u2019on s\u2019y sent bien d\u2019embl\u00e9e. Construite initialement en 1838, elle a flamb\u00e9 en d\u00e9cembre 44 lors de la terrible Bataille des Ardennes et des terribles combats ont eu lieu \u00e0 ce carrefour. Certains v\u00e9t\u00e9rans sont d\u2019ailleurs revenus \u00e0 plusieurs reprises en ces lieux. L\u2019un d\u2019entre eux avait notamment s\u00e9journ\u00e9 dans les caves de l\u2019\u00e9tablissement, tout en profitant des stocks de bi\u00e8res rest\u00e9es intactes dans la r\u00e9serve.<\/p><p style=\"text-align: justify;\">Au fil du temps, la famille a acquis un savoir faire de premier ordre et leurs ma\u00eetres mots sont\u00a0: l\u2019accueil et la gentillesse, l\u2019amour du contact et l\u2019envie d\u2019\u00eatre au service du client.<\/p><p style=\"text-align: justify;\"><img loading=\"lazy\" decoding=\"async\" data-attachment-id=\"448\" data-permalink=\"https:\/\/vacances-vielsalm.com\/2019\/06\/13\/lauberge-du-carrefour\/plats\/\" data-orig-file=\"https:\/\/i0.wp.com\/vacances-vielsalm.com\/wp-content\/uploads\/2019\/06\/plats.png?fit=720%2C1280&amp;ssl=1\" data-orig-size=\"720,1280\" data-comments-opened=\"1\" data-image-meta=\"{\" aperture=\"\" :=\"\" 0=\"\" credit=\"\" camera=\"\" caption=\"\" created_timestamp=\"\" copyright=\"\" focal_length=\"\" iso=\"\" shutter_speed=\"\" title=\"\" orientation=\"\" data-image-title=\"plats\" data-image-description=\"\" data-medium-file=\"https:\/\/i0.wp.com\/vacances-vielsalm.com\/wp-content\/uploads\/2019\/06\/plats.png?fit=169%2C300&amp;ssl=1\" data-large-file=\"https:\/\/i0.wp.com\/vacances-vielsalm.com\/wp-content\/uploads\/2019\/06\/plats.png?fit=576%2C1024&amp;ssl=1\" class=\" wp-image-448 alignleft\" src=\"https:\/\/i0.wp.com\/vacances-vielsalm.com\/wp-content\/uploads\/2019\/06\/plats.png?resize=143%2C253&amp;ssl=1\" alt=\"\" srcset=\"https:\/\/i0.wp.com\/vacances-vielsalm.com\/wp-content\/uploads\/2019\/06\/plats.png?resize=169%2C300&amp;ssl=1 169w, https:\/\/i0.wp.com\/vacances-vielsalm.com\/wp-content\/uploads\/2019\/06\/plats.png?resize=576%2C1024&amp;ssl=1 576w, https:\/\/i0.wp.com\/vacances-vielsalm.com\/wp-content\/uploads\/2019\/06\/plats.png?w=720&amp;ssl=1 720w\" sizes=\"(max-width: 143px) 100vw, 143px\" data-recalc-dims=\"1\" width=\"143\" height=\"253\" \/><img loading=\"lazy\" decoding=\"async\" src=\"https:\/\/www.vielsalm-tourisme.be\/fr\/wp-content\/uploads\/2020\/04\/auberge-du-carrefour-chambre.png\" alt=\"\" width=\"1280\" height=\"720\" class=\"alignnone size-full wp-image-7170\" srcset=\"https:\/\/www.vielsalm-tourisme.be\/fr\/wp-content\/uploads\/2020\/04\/auberge-du-carrefour-chambre.png 1280w, https:\/\/www.vielsalm-tourisme.be\/fr\/wp-content\/uploads\/2020\/04\/auberge-du-carrefour-chambre-300x169.png 300w, https:\/\/www.vielsalm-tourisme.be\/fr\/wp-content\/uploads\/2020\/04\/auberge-du-carrefour-chambre-768x432.png 768w, https:\/\/www.vielsalm-tourisme.be\/fr\/wp-content\/uploads\/2020\/04\/auberge-du-carrefour-chambre-1024x576.png 1024w\" sizes=\"(max-width: 1280px) 100vw, 1280px\" \/>\u00c0 tout cela s\u2019ajoute une cuisine de qualit\u00e9, chaleureuse, r\u00e9confortante et d\u00e9licieuse. D\u00e8s l\u2019automne, les sp\u00e9cialit\u00e9s de gibier sont au menu et les amateurs pourront se r\u00e9galer de plats concoct\u00e9s avec le plus grand soin. Les productions locales et les bi\u00e8res r\u00e9gionales sont mises \u00e0 l\u2019honneur car ces dames accordent beaucoup d\u2019importance \u00e0 l\u2019authenticit\u00e9 et \u00e0 la magnifique nature qui les entoure.<\/p><p style=\"text-align: justify;\">La rel\u00e8ve est d\u00e9j\u00e0 assur\u00e9e car la 7\u00e8me g\u00e9n\u00e9ration, la petite Cl\u00e9a (10 ans), participe d\u00e9j\u00e0 activement aux activit\u00e9s de l\u2019auberge.<\/p><p style=\"text-align: justify;\"><span><a href=\"http:\/\/www.vielsalm-tourisme.be\/fr\/hebergements\/hotels?id=HOLX0196&amp;nr=1#.XQIU01wzYuU\">Un endroit incontournable \u00e0 d\u00e9couvrir dans notre belle r\u00e9gion<\/a><\/span>, tant pour l\u2019accueil que la qualit\u00e9 du service, mais aussi pour le cadre insolite qui vous replonge en enfance.<\/p><p><img loading=\"lazy\" decoding=\"async\" data-attachment-id=\"450\" data-permalink=\"https:\/\/vacances-vielsalm.com\/2019\/06\/13\/lauberge-du-carrefour\/auberge-du-carrefour-chambre\/\" data-orig-file=\"https:\/\/i1.wp.com\/vacances-vielsalm.com\/wp-content\/uploads\/2019\/06\/auberge-du-carrefour-chambre.png?fit=1280%2C720&amp;ssl=1\" data-orig-size=\"1280,720\" data-comments-opened=\"1\" data-image-meta=\"{\" aperture=\"\" :=\"\" 0=\"\" credit=\"\" camera=\"\" caption=\"\" created_timestamp=\"\" copyright=\"\" focal_length=\"\" iso=\"\" shutter_speed=\"\" title=\"\" orientation=\"\" data-image-title=\"auberge du carrefour chambre\" data-image-description=\"\" data-medium-file=\"https:\/\/i1.wp.com\/vacances-vielsalm.com\/wp-content\/uploads\/2019\/06\/auberge-du-carrefour-chambre.png?fit=300%2C169&amp;ssl=1\" data-large-file=\"https:\/\/i1.wp.com\/vacances-vielsalm.com\/wp-content\/uploads\/2019\/06\/auberge-du-carrefour-chambre.png?fit=640%2C360&amp;ssl=1\" class=\"alignnone wp-image-450 size-full\" src=\"https:\/\/i1.wp.com\/vacances-vielsalm.com\/wp-content\/uploads\/2019\/06\/auberge-du-carrefour-chambre.png?resize=640%2C360&amp;ssl=1\" alt=\"\" srcset=\"https:\/\/i1.wp.com\/vacances-vielsalm.com\/wp-content\/uploads\/2019\/06\/auberge-du-carrefour-chambre.png?w=1280&amp;ssl=1 1280w, https:\/\/i1.wp.com\/vacances-vielsalm.com\/wp-content\/uploads\/2019\/06\/auberge-du-carrefour-chambre.png?resize=300%2C169&amp;ssl=1 300w, https:\/\/i1.wp.com\/vacances-vielsalm.com\/wp-content\/uploads\/2019\/06\/auberge-du-carrefour-chambre.png?resize=768%2C432&amp;ssl=1 768w, https:\/\/i1.wp.com\/vacances-vielsalm.com\/wp-content\/uploads\/2019\/06\/auberge-du-carrefour-chambre.png?resize=1024%2C576&amp;ssl=1 1024w\" sizes=\"(max-width: 640px) 100vw, 640px\" data-recalc-dims=\"1\" width=\"640\" height=\"360\" \/><\/p>\t\t\t\t\t\t<\/div>\n\t\t\t\t<\/div>\n\t\t\t\t\t<\/div>\n\t\t<\/div>\n\t\t\t\t\t<\/div>\n\t\t<\/section>\n\t\t\t\t<\/div>\n\t\t","protected":false},"excerpt":{"rendered":"<p>L\u2019auberge du Carrefour De m\u00e8res en filles depuis 1880. En 1880, suite \u00e0 la construction dela route Aywaille-Bastogne, Marie-Joseph Molhan et Jean-Joseph Jacquet deviennent les tenanciers de l\u2019Auberge du Carrefour \u00e0 la Baraque de Fraiture. Les deux g\u00e9rants de l\u2019\u00e9poque n\u2019auraient jamais pu imaginer que, 135 ans plus tard, leur [&hellip;]<\/p>\n","protected":false},"author":1,"featured_media":7172,"comment_status":"open","ping_status":"open","sticky":false,"template":"","format":"standard","meta":{"_monsterinsights_skip_tracking":false,"_monsterinsights_sitenote_active":false,"_monsterinsights_sitenote_note":"","_monsterinsights_sitenote_category":0,"footnotes":""},"categories":[12],"tags":[10,24],"class_list":["post-6960","post","type-post","status-publish","format-standard","has-post-thumbnail","hentry","category-partenaire-touristique","tag-gastronomie","tag-restaurant"],"_links":{"self":[{"href":"https:\/\/www.vielsalm-tourisme.be\/fr\/index.php\/wp-json\/wp\/v2\/posts\/6960","targetHints":{"allow":["GET"]}}],"collection":[{"href":"https:\/\/www.vielsalm-tourisme.be\/fr\/index.php\/wp-json\/wp\/v2\/posts"}],"about":[{"href":"https:\/\/www.vielsalm-tourisme.be\/fr\/index.php\/wp-json\/wp\/v2\/types\/post"}],"author":[{"embeddable":true,"href":"https:\/\/www.vielsalm-tourisme.be\/fr\/index.php\/wp-json\/wp\/v2\/users\/1"}],"replies":[{"embeddable":true,"href":"https:\/\/www.vielsalm-tourisme.be\/fr\/index.php\/wp-json\/wp\/v2\/comments?post=6960"}],"version-history":[{"count":5,"href":"https:\/\/www.vielsalm-tourisme.be\/fr\/index.php\/wp-json\/wp\/v2\/posts\/6960\/revisions"}],"predecessor-version":[{"id":7173,"href":"https:\/\/www.vielsalm-tourisme.be\/fr\/index.php\/wp-json\/wp\/v2\/posts\/6960\/revisions\/7173"}],"wp:featuredmedia":[{"embeddable":true,"href":"https:\/\/www.vielsalm-tourisme.be\/fr\/index.php\/wp-json\/wp\/v2\/media\/7172"}],"wp:attachment":[{"href":"https:\/\/www.vielsalm-tourisme.be\/fr\/index.php\/wp-json\/wp\/v2\/media?parent=6960"}],"wp:term":[{"taxonomy":"category","embeddable":true,"href":"https:\/\/www.vielsalm-tourisme.be\/fr\/index.php\/wp-json\/wp\/v2\/categories?post=6960"},{"taxonomy":"post_tag","embeddable":true,"href":"https:\/\/www.vielsalm-tourisme.be\/fr\/index.php\/wp-json\/wp\/v2\/tags?post=6960"}],"curies":[{"name":"wp","href":"https:\/\/api.w.org\/{rel}","templated":true}]}}